{"id":39690,"date":"2022-08-05T00:00:46","date_gmt":"2022-08-05T03:00:46","guid":{"rendered":"https:\/\/vocesdebaires.com.ar\/?p=39690"},"modified":"2022-08-04T23:48:19","modified_gmt":"2022-08-05T02:48:19","slug":"teatro-colon-martha-argerich-en-un-evento-cultural-mas-esperados-del-ano","status":"publish","type":"post","link":"https:\/\/vocesdebaires.com.ar\/index.php\/2022\/08\/05\/teatro-colon-martha-argerich-en-un-evento-cultural-mas-esperados-del-ano\/","title":{"rendered":"Teatro Col\u00f3n: Martha Argerich en un evento cultural m\u00e1s esperados del a\u00f1o"},"content":{"rendered":"<p>Del viernes 12 al s\u00e1bado 20 de agosto la maestra Martha Argerich ser\u00e1 el epicentro de un ciclo de conciertos que evocar\u00e1 el esp\u00edritu de sus legendarios festivales en el Teatro Col\u00f3n. Los mismos contar\u00e1n con invitados especiales entre los que se encuentran el prestigioso director de orquesta Charles Dutoit, la actriz Annie Dutoit-Argerich, hija de ambos, y los pianistas Sergei Babayan y Dong Hyek Lime, entre much\u00edsimos otros. La velada inaugural ser\u00e1 el viernes 12 de agosto a las 20 horas. La inigualable pianista estar\u00e1 acompa\u00f1ada por Charles Dutoit, quien al frente de la Orquesta Filarm\u00f3nica de Buenos Aires interpretar\u00e1 un repertorio conformado por obras de Ravel y Berlioz.<\/p>\n<p>El s\u00e1bado 13 de agosto a las 20 horas y el domingo 14 de agosto a las 17 horas se llevar\u00e1 a cabo un programa que tendr\u00e1 en su primera parte a Martha Argerich tocando la Partita N\u00b02 en do menor, BWV 826 de Bach. Luego, en una segunda parte, ser\u00e1 el turno de La Historia de un Soldado de Stravinsky, en una versi\u00f3n que tendr\u00e1 la direcci\u00f3n musical de Charles Dutoit, direcci\u00f3n esc\u00e9nica y dramaturgia de Rub\u00e9n Szuchmacher y las actuaciones especiales de Annie Dutoit, Joaqu\u00edn Furriel, Peter Lanzani y Cumel\u00e9n Sanz. El domingo 14 de agosto a las 20:30 horas el pianista armenio-estadounidense Sergei Babayan brindar\u00e1 un recital conformado por piezas de Bach, Busoni, Zlabys, Schubert, Liszt, Rachmaninov y Schumann.<\/p>\n<p>Asimismo, el martes 16 de agosto a las 20 horas, Martha Argerich y Sergei Babayan ofrecer\u00e1n una presentaci\u00f3n a dos pianos encabezada por obras de Prokofiev y Mozart. Dong Hyek Lim, el pianista surcoreano, ser\u00e1 el protagonista de la velada programada para el mi\u00e9rcoles 17 de agosto a las 20 horas en donde predominar\u00e1n obras de Franz Schubert. En tanto que Enrique Arturo Diemecke dirigir\u00e1 a la Orquesta Filarm\u00f3nica de Buenos Aires el jueves 18 de agosto tambi\u00e9n a las 20 horas, con la presencia nuevamente de Dong Hyek Lim, esta vez, en car\u00e1cter de solista. El programa musical tendr\u00e1 el Concierto N\u00b01 en si bemol menor, Op. 23 de Tchaikovski y la Sinfon\u00eda N\u00b08 sol mayor, op. 88 de Dvorak.<\/p>\n<p>El gran cierre de este ciclo de conciertos ser\u00e1 el s\u00e1bado 20 de agosto a las 20 horas. All\u00ed, participar\u00e1n la Orquesta Estable del Teatro Col\u00f3n bajo la direcci\u00f3n de Luis Gorelik junto a Martha Argerich y Dong Hyek Lim como solistas y Annie Dutoit como narradora.Tambi\u00e9n de manera presencial en la boleter\u00eda del Teatro Col\u00f3n (Tucum\u00e1n 1171) de lunes a s\u00e1bados de 9 a 20 horas y domingos de 9 a 17 horas, y en el local de Tu Entrada que funciona en la calle Viamonte 560 (Local 5) de lunes a viernes de 9 a 16 horas.<\/p>\n<p>Foto:DE Arnaldo Colombaroli \/Teatro Col\u00f3n<\/p>\n","protected":false},"excerpt":{"rendered":"<p>Del viernes 12 al s\u00e1bado 20 de agosto la maestra Martha Argerich ser\u00e1 el epicentro de un ciclo de conciertos que evocar\u00e1 el esp\u00edritu de sus legendarios festivales en el Teatro Col\u00f3n. Los mismos contar\u00e1n con invitados especiales entre los que se encuentran el prestigioso director de orquesta Charles Dutoit, la actriz Annie Dutoit-Argerich, hija [&hellip;]<\/p>\n","protected":false},"author":2,"featured_media":39691,"comment_status":"open","ping_status":"open","sticky":false,"template":"","format":"standard","meta":{"_et_pb_use_builder":"","_et_pb_old_content":"","_et_gb_content_width":"","footnotes":""},"categories":[37,33],"tags":[],"class_list":["post-39690","post","type-post","status-publish","format-standard","has-post-thumbnail","hentry","category-espectaculos","category-sociedad-y-cultura-2"],"_links":{"self":[{"href":"https:\/\/vocesdebaires.com.ar\/index.php\/wp-json\/wp\/v2\/posts\/39690"}],"collection":[{"href":"https:\/\/vocesdebaires.com.ar\/index.php\/wp-json\/wp\/v2\/posts"}],"about":[{"href":"https:\/\/vocesdebaires.com.ar\/index.php\/wp-json\/wp\/v2\/types\/post"}],"author":[{"embeddable":true,"href":"https:\/\/vocesdebaires.com.ar\/index.php\/wp-json\/wp\/v2\/users\/2"}],"replies":[{"embeddable":true,"href":"https:\/\/vocesdebaires.com.ar\/index.php\/wp-json\/wp\/v2\/comments?post=39690"}],"version-history":[{"count":1,"href":"https:\/\/vocesdebaires.com.ar\/index.php\/wp-json\/wp\/v2\/posts\/39690\/revisions"}],"predecessor-version":[{"id":39692,"href":"https:\/\/vocesdebaires.com.ar\/index.php\/wp-json\/wp\/v2\/posts\/39690\/revisions\/39692"}],"wp:featuredmedia":[{"embeddable":true,"href":"https:\/\/vocesdebaires.com.ar\/index.php\/wp-json\/wp\/v2\/media\/39691"}],"wp:attachment":[{"href":"https:\/\/vocesdebaires.com.ar\/index.php\/wp-json\/wp\/v2\/media?parent=39690"}],"wp:term":[{"taxonomy":"category","embeddable":true,"href":"https:\/\/vocesdebaires.com.ar\/index.php\/wp-json\/wp\/v2\/categories?post=39690"},{"taxonomy":"post_tag","embeddable":true,"href":"https:\/\/vocesdebaires.com.ar\/index.php\/wp-json\/wp\/v2\/tags?post=39690"}],"curies":[{"name":"wp","href":"https:\/\/api.w.org\/{rel}","templated":true}]}}