{"id":39693,"date":"2022-08-05T00:00:22","date_gmt":"2022-08-05T03:00:22","guid":{"rendered":"https:\/\/vocesdebaires.com.ar\/?p=39693"},"modified":"2022-08-04T23:52:19","modified_gmt":"2022-08-05T02:52:19","slug":"santilli-otra-fiesta-vip-en-la-asuncion-mientras-el-ajuste-lo-paga-la-gente","status":"publish","type":"post","link":"https:\/\/vocesdebaires.com.ar\/index.php\/2022\/08\/05\/santilli-otra-fiesta-vip-en-la-asuncion-mientras-el-ajuste-lo-paga-la-gente\/","title":{"rendered":"Santilli: \u00abOtra fiesta VIP en la asunci\u00f3n mientras el ajuste lo paga la gente\u00bb"},"content":{"rendered":"<p>El diputado nacional de Juntos Diego Santilli mantuvo ayer un encuentro con el intendente de San Isidro, Gustavo Posse, y recorri\u00f3 esta ma\u00f1ana la localidad de Ca\u00f1uelas, al sur de la provincia de Buenos Aires, donde se reuni\u00f3 con el intendente de Lobos, Jorge Etcheverry, y con vecinos y comerciantes de la zona. La jornada en Ca\u00f1uelas comenz\u00f3 con un caf\u00e9 con vecinos y sigui\u00f3 con una caminata por el centro comercial. Luego visit\u00f3 una de las empresas m\u00e1s importantes de la localidad, lugar al que tambi\u00e9n se acercaron Etcheverry y el presidente del PRO Ca\u00f1uelas, Santiago Mac Goey.<\/p>\n<p>\u201cLos trabajadores son los que laburan todos los d\u00edas y tienen ganas de cambiar esta realidad. Esa es la cultura de trabajo que hizo grande a este pa\u00eds, por eso hay que acompa\u00f1arlos y bancarlos\u201d, manifest\u00f3 Santilli durante una ronda de medios en su visita a la localidad del sur bonaerense. En ese sentido, se\u00f1al\u00f3: \u201cHay que sacar adelante a la Provincia, que hoy no tiene gesti\u00f3n. Tiene todo para desarrollarse, pero es un gigante dormido. El cambio ya est\u00e1 en la cabeza de la sociedad\u201d. El referente de Juntos en la provincia se refiri\u00f3 al acto de asunci\u00f3n de Sergio Massa como nuevo ministro de Econom\u00eda: \u201cEl acto fue muy malo, no hay nada para festejar con 500 invitados.<\/p>\n<p>Hicieron otra fiesta VIP en la asunci\u00f3n mientras el ajuste lo paga la gente. Hay que abordar los problemas estructurales de la Argentina, as\u00ed que esperamos medidas contundentes\u201d.\u201cNo habl\u00f3 sobre los tres temas importantes: qu\u00e9 hacer con el d\u00e9ficit, reducir ministerios y cargos, y la emisi\u00f3n desmedida en pesos. Este mes se pagaron m\u00e1s intereses de deuda en pesos que plata a los jubilados. Tampoco hizo referencia a la brecha cambiaria que le hace tanto da\u00f1o a los productores\u201d, asegur\u00f3. \u201cEl d\u00e9ficit es lo que genera que el laburante no llegue a fin de mes porque una inflaci\u00f3n del 6% mensual se ve en las g\u00f3ndolas, pero de eso no habl\u00f3 en el acto de ayer. Si los gobiernos no entienden que el d\u00e9ficit genera inflaci\u00f3n y que eso erosiona a los jubilados y que a la clase media no le alcanza para llegar a fin de mes, no cambian las cuestiones de fondo\u201d, finaliz\u00f3.<\/p>\n","protected":false},"excerpt":{"rendered":"<p>El diputado nacional de Juntos Diego Santilli mantuvo ayer un encuentro con el intendente de San Isidro, Gustavo Posse, y recorri\u00f3 esta ma\u00f1ana la localidad de Ca\u00f1uelas, al sur de la provincia de Buenos Aires, donde se reuni\u00f3 con el intendente de Lobos, Jorge Etcheverry, y con vecinos y comerciantes de la zona. La jornada [&hellip;]<\/p>\n","protected":false},"author":2,"featured_media":39694,"comment_status":"open","ping_status":"open","sticky":false,"template":"","format":"standard","meta":{"_et_pb_use_builder":"","_et_pb_old_content":"","_et_gb_content_width":"","footnotes":""},"categories":[34,13],"tags":[],"class_list":["post-39693","post","type-post","status-publish","format-standard","has-post-thumbnail","hentry","category-politica","category-provincia"],"_links":{"self":[{"href":"https:\/\/vocesdebaires.com.ar\/index.php\/wp-json\/wp\/v2\/posts\/39693"}],"collection":[{"href":"https:\/\/vocesdebaires.com.ar\/index.php\/wp-json\/wp\/v2\/posts"}],"about":[{"href":"https:\/\/vocesdebaires.com.ar\/index.php\/wp-json\/wp\/v2\/types\/post"}],"author":[{"embeddable":true,"href":"https:\/\/vocesdebaires.com.ar\/index.php\/wp-json\/wp\/v2\/users\/2"}],"replies":[{"embeddable":true,"href":"https:\/\/vocesdebaires.com.ar\/index.php\/wp-json\/wp\/v2\/comments?post=39693"}],"version-history":[{"count":1,"href":"https:\/\/vocesdebaires.com.ar\/index.php\/wp-json\/wp\/v2\/posts\/39693\/revisions"}],"predecessor-version":[{"id":39695,"href":"https:\/\/vocesdebaires.com.ar\/index.php\/wp-json\/wp\/v2\/posts\/39693\/revisions\/39695"}],"wp:featuredmedia":[{"embeddable":true,"href":"https:\/\/vocesdebaires.com.ar\/index.php\/wp-json\/wp\/v2\/media\/39694"}],"wp:attachment":[{"href":"https:\/\/vocesdebaires.com.ar\/index.php\/wp-json\/wp\/v2\/media?parent=39693"}],"wp:term":[{"taxonomy":"category","embeddable":true,"href":"https:\/\/vocesdebaires.com.ar\/index.php\/wp-json\/wp\/v2\/categories?post=39693"},{"taxonomy":"post_tag","embeddable":true,"href":"https:\/\/vocesdebaires.com.ar\/index.php\/wp-json\/wp\/v2\/tags?post=39693"}],"curies":[{"name":"wp","href":"https:\/\/api.w.org\/{rel}","templated":true}]}}