{"id":39699,"date":"2022-08-05T00:00:41","date_gmt":"2022-08-05T03:00:41","guid":{"rendered":"https:\/\/vocesdebaires.com.ar\/?p=39699"},"modified":"2022-08-05T00:00:31","modified_gmt":"2022-08-05T03:00:31","slug":"rodriguez-larreta-en-el-acto-de-entrega-de-motos-a-la-policia","status":"publish","type":"post","link":"https:\/\/vocesdebaires.com.ar\/index.php\/2022\/08\/05\/rodriguez-larreta-en-el-acto-de-entrega-de-motos-a-la-policia\/","title":{"rendered":"Rodr\u00edguez Larreta en el acto de entrega de motos a la Polic\u00eda"},"content":{"rendered":"<p>El jefe de Gobierno porte\u00f1o, Horacio Rodr\u00edguez Larreta, encabez\u00f3 este jueves la entrega de 100 nuevas motos a la Polic\u00eda de la Ciudad.\u201cEstamos incorporando la mejor tecnolog\u00eda y el mejor equipamiento para cuidar la seguridad de los porte\u00f1os y las porte\u00f1as. Es parte integral de nuestro plan de seguridad. Hoy tenemos los \u00edndices de delitos m\u00e1s bajos de la historia pero siempre podemos mejorar. Por eso buscamos tecnolog\u00eda, capacitaci\u00f3n y seguimos incorporando c\u00e1maras. Para nosotros la seguridad es una de las grandes prioridades en la Ciudad\u201d, explic\u00f3 el Jefe de Gobierno.<\/p>\n<p>Acompa\u00f1ado por el jefe de Gabinete, Felipe Miguel; el ministro de Gobierno, Jorge Macri; el ministro de Justicia y Seguridad, Marcelo D&#8217;Alessandro, y el jefe de la Polic\u00eda de la Ciudad, Gabriel Berard, Rodr\u00edguez Larreta remarc\u00f3: \u201cLa seguridad es decisi\u00f3n pol\u00edtica m\u00e1s un plan. Firme decisi\u00f3n pol\u00edtica, como la que tuvimos desde que arrancamos con la creaci\u00f3n de la Polic\u00eda de la Ciudad, pero tambi\u00e9n un plan detallado para ir avanzando y demostrar que se puede mejorar la seguridad en la Ciudad y en toda la Argentina. Se puede mejorar la seguridad. En la Ciudad lo demostramos\u201d.<\/p>\n<p>Las 100 nuevas motos de la Polic\u00eda de la Ciudad fueron acondicionadas con GPS y con toda la tecnolog\u00eda necesaria para la tarea policial. Cuentan con caracter\u00edsticas t\u00e9cnicas de motor, performance, tren de rodaje, chasis, frenos, dimensiones y pesos que las hacen especialmente aptas para la tarea. Se trata de un paso m\u00e1s en el recambio de la flota de la Polic\u00eda de la Ciudad que ya alcanza un total de 2.743 veh\u00edculos entre autos, motos, camionetas y rodados pesados. El Gobierno porte\u00f1o asumi\u00f3 el compromiso de renovar el 80% de la flota para el 2023.<\/p>\n<p>El objetivo es contar con equipamiento de \u00faltima generaci\u00f3n para profundizar la lucha contra el delito en el marco del Plan Integral de Seguridad P\u00fablica. Tras la presentaci\u00f3n de las motos, Felipe Miguel resalt\u00f3 la inversi\u00f3n en equipamiento para los polic\u00edas porte\u00f1os. \u201cEs importante cuidar a los que nos cuidan. Darle todas las herramientas necesarias para que esa tarea de tanto riesgo, de tanta entrega, la puedan cumplir siendo protegidos con las mejores herramientas y el mejor entrenamiento\u201d.<\/p>\n<p>Por su parte, Jorge Macri afirm\u00f3 que \u201ccuando se sostiene un plan, con inversi\u00f3n y capacitaci\u00f3n en recursos humanos, los resultados llegan\u201d. Y agreg\u00f3: \u201cTodos los d\u00edas los vecinos nos piden un poquito m\u00e1s. Se sienten seguros y acompa\u00f1ados, y rescatan la presencia policial. Siempre hay que seguir haciendo m\u00e1s y esto es un paso en l\u00ednea de ese plan\u201d. Marcelo D&#8217;Alessandro detall\u00f3 que las 100 motos entregadas este jueves \u201ccomplementan un total de 2.743 m\u00f3viles que tiene la Polic\u00eda de la Ciudad para estar en todos los barrios, construyendo todos los d\u00edas para que la Ciudad sea m\u00e1s segura\u201d.<\/p>\n<p><strong>Flota de la Polic\u00eda de la Ciudad: 2743 veh\u00edculos:<\/strong><br \/>\n<strong>M\u00f3viles: 1340.<\/strong><br \/>\n<strong>Motos: 955.<\/strong><br \/>\n<strong>Camionetas: 243.<\/strong><br \/>\n<strong>Flota Pesada: 106.<\/strong><br \/>\n<strong>Cuatriciclos: 84.<\/strong><br \/>\n<strong>Gr\u00faas: 10.<\/strong><br \/>\n<strong>Eco m\u00f3viles: 3.<\/strong><br \/>\n<strong>Camiones hidrantes: 2.<\/strong><\/p>\n<p><strong>Fotos:Juan Manuel Laurens \/ GCBA<\/strong><\/p>\n","protected":false},"excerpt":{"rendered":"<p>El jefe de Gobierno porte\u00f1o, Horacio Rodr\u00edguez Larreta, encabez\u00f3 este jueves la entrega de 100 nuevas motos a la Polic\u00eda de la Ciudad.\u201cEstamos incorporando la mejor tecnolog\u00eda y el mejor equipamiento para cuidar la seguridad de los porte\u00f1os y las porte\u00f1as. Es parte integral de nuestro plan de seguridad. Hoy tenemos los \u00edndices de delitos [&hellip;]<\/p>\n","protected":false},"author":2,"featured_media":39700,"comment_status":"open","ping_status":"open","sticky":false,"template":"","format":"standard","meta":{"_et_pb_use_builder":"","_et_pb_old_content":"","_et_gb_content_width":"","footnotes":""},"categories":[11,33],"tags":[],"class_list":["post-39699","post","type-post","status-publish","format-standard","has-post-thumbnail","hentry","category-ciudad","category-sociedad-y-cultura-2"],"_links":{"self":[{"href":"https:\/\/vocesdebaires.com.ar\/index.php\/wp-json\/wp\/v2\/posts\/39699"}],"collection":[{"href":"https:\/\/vocesdebaires.com.ar\/index.php\/wp-json\/wp\/v2\/posts"}],"about":[{"href":"https:\/\/vocesdebaires.com.ar\/index.php\/wp-json\/wp\/v2\/types\/post"}],"author":[{"embeddable":true,"href":"https:\/\/vocesdebaires.com.ar\/index.php\/wp-json\/wp\/v2\/users\/2"}],"replies":[{"embeddable":true,"href":"https:\/\/vocesdebaires.com.ar\/index.php\/wp-json\/wp\/v2\/comments?post=39699"}],"version-history":[{"count":1,"href":"https:\/\/vocesdebaires.com.ar\/index.php\/wp-json\/wp\/v2\/posts\/39699\/revisions"}],"predecessor-version":[{"id":39701,"href":"https:\/\/vocesdebaires.com.ar\/index.php\/wp-json\/wp\/v2\/posts\/39699\/revisions\/39701"}],"wp:featuredmedia":[{"embeddable":true,"href":"https:\/\/vocesdebaires.com.ar\/index.php\/wp-json\/wp\/v2\/media\/39700"}],"wp:attachment":[{"href":"https:\/\/vocesdebaires.com.ar\/index.php\/wp-json\/wp\/v2\/media?parent=39699"}],"wp:term":[{"taxonomy":"category","embeddable":true,"href":"https:\/\/vocesdebaires.com.ar\/index.php\/wp-json\/wp\/v2\/categories?post=39699"},{"taxonomy":"post_tag","embeddable":true,"href":"https:\/\/vocesdebaires.com.ar\/index.php\/wp-json\/wp\/v2\/tags?post=39699"}],"curies":[{"name":"wp","href":"https:\/\/api.w.org\/{rel}","templated":true}]}}