{"id":39702,"date":"2022-08-05T00:25:25","date_gmt":"2022-08-05T03:25:25","guid":{"rendered":"https:\/\/vocesdebaires.com.ar\/?p=39702"},"modified":"2022-08-05T00:25:25","modified_gmt":"2022-08-05T03:25:25","slug":"en-ciudadley-antidiscriminatoria-daia-presento-el-proyecto-de-reforma","status":"publish","type":"post","link":"https:\/\/vocesdebaires.com.ar\/index.php\/2022\/08\/05\/en-ciudadley-antidiscriminatoria-daia-presento-el-proyecto-de-reforma\/","title":{"rendered":"En ciudad:Ley Antidiscriminatoria: DAIA\u00a0 present\u00f3 el proyecto de reforma"},"content":{"rendered":"<p>Asistieron a la presentaci\u00f3n de la ley Antidiscrimaci\u00f3n en la DAIA , los diputados nacionales Ricardo L\u00f3pez Murphy y Pablo Yedlin; el senador nacional Guillermo Snopek; la Subsecretaria de Derechos Humanos del Gobierno de la Ciudad de Buenos Aires (GCBA), Pamela Malewicz; la Directora General de Colectividades del GCBA, Mercedes B\u00e1rbara; el Procurador General de la Naci\u00f3n interino, Eduardo Casal; el presidente del Colegio P\u00fablico de Abogados, Ricardo Gil Laavedra; el Juez de la Suprema Corte de la Provincia de Buenos Aires, Sergio Torres; el juez Franco Fiumara; el titular del Consejo Econ\u00f3mico y Social de la Ciudad de Buenos Aires, Claudio Presman; el secretario de Coordinaci\u00f3n Institucional de la procuraci\u00f3n General de la Naci\u00f3n, Jos\u00e9 Manuel Olima Espel; el presidente de la AMIA, Guillermo Amos Linetzky; el director del Centro Simon Wiesenthal, Ariel Gelblung, y dirigentes de instituciones adheridas a la DAIA El proyecto tiene como objetivo modificar los art\u00edculos 1\u00b0 y 2\u00b0 de la Ley 23.592 que enfrenta la discriminaci\u00f3n sobre dos aspectos principales.<\/p>\n<p>Busca complementar el concepto de raza, generalmente asociado a las caracter\u00edsticas f\u00edsicas, con el de etnia para reforzar las dimensiones culturales surgidas de la construcci\u00f3n social, ampliando los colectivos amparados por la ley y, a su vez, poner especial atenci\u00f3n a los actos de aquellos que propicien, instiguen o alienten, por cualquier causa discriminatoria mencionada en la ley, la destrucci\u00f3n de un estado y\/o entidad territorial determinada. En este marco, el presidente de la DAIA, Jorge Knoblovits, destac\u00f3 que \u00absomos un pa\u00eds que vive en paz, un pa\u00eds de acuerdos, donde todas las confesiones tienen una matriz de convivencia\u00bb, y record\u00f3 que \u00abhace muchos a\u00f1os la DAIA promovi\u00f3 la Ley 23.592 de convivencia y discriminaci\u00f3n.<\/p>\n<p>Hoy intentamos modificarla para ampliar a otros conceptos y para que sigamos trabajando por una Argentina donde la gente viva en paz\u00bb, y agreg\u00f3 que la DAIA continuar\u00e1 trabajando \u00absobre la educaci\u00f3n y si la educaci\u00f3n no funciona trabajaremos tambi\u00e9n sobre la sanci\u00f3n..Por ultimo Finocchiaro subray\u00f3 que \u00abincluir el concepto de etnia en la ley y observar una nueva forma de discriminaci\u00f3n que algunos disfrazan -bajo el pretexto de una aparente cr\u00edtica a posiciones pol\u00edticas de un Estado- para atacar, agredir, menoscabar, injuriar o hasta expresar la voluntad de aniquilar a las personas que se cobijan en un territorio es necesario.<\/p>\n<p>Asimismo, asegur\u00f3 que \u00abesta reforma pretende ser una herramienta m\u00e1s para el trabajo que tenemos por delante: ampliar los derechos de todos los ciudadanos y dar a todos la posibilidad de desarrollarse y de construir una naci\u00f3n plural, libre y pr\u00f3spera sobre las bases del respeto y el reconocimiento\u00bb. \u00abEse aporte nos permite visualizar la Argentina en la que deseamos vivir. Una que nos haga disfrutar del multiculturalismo con el que nos hemos gestado\u00bb, expres\u00f3 el diputado autor del proyecto.<\/p>\n","protected":false},"excerpt":{"rendered":"<p>Asistieron a la presentaci\u00f3n de la ley Antidiscrimaci\u00f3n en la DAIA , los diputados nacionales Ricardo L\u00f3pez Murphy y Pablo Yedlin; el senador nacional Guillermo Snopek; la Subsecretaria de Derechos Humanos del Gobierno de la Ciudad de Buenos Aires (GCBA), Pamela Malewicz; la Directora General de Colectividades del GCBA, Mercedes B\u00e1rbara; el Procurador General de [&hellip;]<\/p>\n","protected":false},"author":2,"featured_media":39703,"comment_status":"open","ping_status":"open","sticky":false,"template":"","format":"standard","meta":{"_et_pb_use_builder":"","_et_pb_old_content":"","_et_gb_content_width":"","footnotes":""},"categories":[11,33],"tags":[],"class_list":["post-39702","post","type-post","status-publish","format-standard","has-post-thumbnail","hentry","category-ciudad","category-sociedad-y-cultura-2"],"_links":{"self":[{"href":"https:\/\/vocesdebaires.com.ar\/index.php\/wp-json\/wp\/v2\/posts\/39702"}],"collection":[{"href":"https:\/\/vocesdebaires.com.ar\/index.php\/wp-json\/wp\/v2\/posts"}],"about":[{"href":"https:\/\/vocesdebaires.com.ar\/index.php\/wp-json\/wp\/v2\/types\/post"}],"author":[{"embeddable":true,"href":"https:\/\/vocesdebaires.com.ar\/index.php\/wp-json\/wp\/v2\/users\/2"}],"replies":[{"embeddable":true,"href":"https:\/\/vocesdebaires.com.ar\/index.php\/wp-json\/wp\/v2\/comments?post=39702"}],"version-history":[{"count":1,"href":"https:\/\/vocesdebaires.com.ar\/index.php\/wp-json\/wp\/v2\/posts\/39702\/revisions"}],"predecessor-version":[{"id":39704,"href":"https:\/\/vocesdebaires.com.ar\/index.php\/wp-json\/wp\/v2\/posts\/39702\/revisions\/39704"}],"wp:featuredmedia":[{"embeddable":true,"href":"https:\/\/vocesdebaires.com.ar\/index.php\/wp-json\/wp\/v2\/media\/39703"}],"wp:attachment":[{"href":"https:\/\/vocesdebaires.com.ar\/index.php\/wp-json\/wp\/v2\/media?parent=39702"}],"wp:term":[{"taxonomy":"category","embeddable":true,"href":"https:\/\/vocesdebaires.com.ar\/index.php\/wp-json\/wp\/v2\/categories?post=39702"},{"taxonomy":"post_tag","embeddable":true,"href":"https:\/\/vocesdebaires.com.ar\/index.php\/wp-json\/wp\/v2\/tags?post=39702"}],"curies":[{"name":"wp","href":"https:\/\/api.w.org\/{rel}","templated":true}]}}