{"id":39734,"date":"2022-08-09T00:00:09","date_gmt":"2022-08-09T03:00:09","guid":{"rendered":"https:\/\/vocesdebaires.com.ar\/?p=39734"},"modified":"2022-08-08T23:23:43","modified_gmt":"2022-08-09T02:23:43","slug":"cursos-gratuitos-de-programacion-para-alumnos-de-primaria-y-secundaria","status":"publish","type":"post","link":"https:\/\/vocesdebaires.com.ar\/index.php\/2022\/08\/09\/cursos-gratuitos-de-programacion-para-alumnos-de-primaria-y-secundaria\/","title":{"rendered":"Cursos gratuitos  para alumnos de Primaria y Secundaria"},"content":{"rendered":"<p>Aprend\u00e9 Programando vuelve a abrir sus inscripciones para que los chicos y las chicas se capaciten e inicien en el mundo de la tecnolog\u00eda. Desarrollo web; Rob\u00f3tica e Impresi\u00f3n 3D; Dise\u00f1o de videojuegos y de aplicaciones m\u00f3viles; y Programaci\u00f3n de drones son algunas de las tecnolog\u00edas que se pueden elegir dentro del programa del Ministerio de Educaci\u00f3n de la Ciudad.<br \/>\nEl segundo cuatrimestre comienza el 29 de agosto y se puede optar por cursar de manera virtual o presencial en alguna de las 14 sedes de la Ciudad. Los\/as estudiantes de 4\u00b0, 5\u00b0, 6\u00b0 y 7\u00b0 grado de escuelas de gesti\u00f3n estatal de Nivel Primario de la Ciudad pueden sumarse a Primeros Pasos.<\/p>\n<p>Mientras que, los\/as estudiantes de Nivel Secundario de los \u00faltimos dos a\u00f1os, o de los \u00faltimos tres si son de escuelas t\u00e9cnicas, de escuelas de gesti\u00f3n estatal o privada de la Ciudad o de cualquier punto del pa\u00eds, tambi\u00e9n pueden acceder a los cursos, al igual que estudiantes que asisten a los Centros Educativos de Nivel Secundario (CENS), Termin\u00e1 la Secundaria o Adultos 2000. Los cursos se desarrollan de lunes a jueves en clases de dos horas semanales y, adem\u00e1s, los d\u00edas viernes, los y las estudiantes cuentan con un espacio de pr\u00e1ctica y consulta con sus mentores llamado \u00abOpen Lab\u00bb. Si quer\u00e9s formar parte de nuestra comunidad de programadores, ingres\u00e1 a la web de Aprend\u00e9 Programando y Conoc\u00e9 toda la informaci\u00f3n.<\/p>\n","protected":false},"excerpt":{"rendered":"<p>Aprend\u00e9 Programando vuelve a abrir sus inscripciones para que los chicos y las chicas se capaciten e inicien en el mundo de la tecnolog\u00eda. Desarrollo web; Rob\u00f3tica e Impresi\u00f3n 3D; Dise\u00f1o de videojuegos y de aplicaciones m\u00f3viles; y Programaci\u00f3n de drones son algunas de las tecnolog\u00edas que se pueden elegir dentro del programa del Ministerio [&hellip;]<\/p>\n","protected":false},"author":3,"featured_media":39735,"comment_status":"open","ping_status":"open","sticky":false,"template":"","format":"standard","meta":{"_et_pb_use_builder":"","_et_pb_old_content":"","_et_gb_content_width":"","footnotes":""},"categories":[11,33],"tags":[],"class_list":["post-39734","post","type-post","status-publish","format-standard","has-post-thumbnail","hentry","category-ciudad","category-sociedad-y-cultura-2"],"_links":{"self":[{"href":"https:\/\/vocesdebaires.com.ar\/index.php\/wp-json\/wp\/v2\/posts\/39734"}],"collection":[{"href":"https:\/\/vocesdebaires.com.ar\/index.php\/wp-json\/wp\/v2\/posts"}],"about":[{"href":"https:\/\/vocesdebaires.com.ar\/index.php\/wp-json\/wp\/v2\/types\/post"}],"author":[{"embeddable":true,"href":"https:\/\/vocesdebaires.com.ar\/index.php\/wp-json\/wp\/v2\/users\/3"}],"replies":[{"embeddable":true,"href":"https:\/\/vocesdebaires.com.ar\/index.php\/wp-json\/wp\/v2\/comments?post=39734"}],"version-history":[{"count":2,"href":"https:\/\/vocesdebaires.com.ar\/index.php\/wp-json\/wp\/v2\/posts\/39734\/revisions"}],"predecessor-version":[{"id":39737,"href":"https:\/\/vocesdebaires.com.ar\/index.php\/wp-json\/wp\/v2\/posts\/39734\/revisions\/39737"}],"wp:featuredmedia":[{"embeddable":true,"href":"https:\/\/vocesdebaires.com.ar\/index.php\/wp-json\/wp\/v2\/media\/39735"}],"wp:attachment":[{"href":"https:\/\/vocesdebaires.com.ar\/index.php\/wp-json\/wp\/v2\/media?parent=39734"}],"wp:term":[{"taxonomy":"category","embeddable":true,"href":"https:\/\/vocesdebaires.com.ar\/index.php\/wp-json\/wp\/v2\/categories?post=39734"},{"taxonomy":"post_tag","embeddable":true,"href":"https:\/\/vocesdebaires.com.ar\/index.php\/wp-json\/wp\/v2\/tags?post=39734"}],"curies":[{"name":"wp","href":"https:\/\/api.w.org\/{rel}","templated":true}]}}