{"id":39738,"date":"2022-08-09T00:00:39","date_gmt":"2022-08-09T03:00:39","guid":{"rendered":"https:\/\/vocesdebaires.com.ar\/?p=39738"},"modified":"2022-08-08T23:26:22","modified_gmt":"2022-08-09T02:26:22","slug":"en-la-ciudadcultura-tributaria-agip-arrancaron-las-actividades","status":"publish","type":"post","link":"https:\/\/vocesdebaires.com.ar\/index.php\/2022\/08\/09\/en-la-ciudadcultura-tributaria-agip-arrancaron-las-actividades\/","title":{"rendered":"En la ciudad:Cultura Tributaria AGIP: Arrancaron las actividades"},"content":{"rendered":"<p>La Administraci\u00f3n Gubernamental de Ingresos P\u00fablicos (AGIP) durante el 2022 contin\u00faa llevando a cabo sus actividades de Cultura Tributaria.La AGIP junto con la Administraci\u00f3n Federal de Ingresos P\u00fablicos (AFIP) capacit\u00f3 durante el primer semestre alrededor de 150 estudiantes de diversas universidades porte\u00f1as a trav\u00e9s de los N\u00facleos de Asistencia Fiscal (NAF), que buscan generar un v\u00ednculo con los futuros y las futuras profesionales de Cs. Econ\u00f3micas y propiciar el cumplimiento voluntario de las obligaciones tributarias.<\/p>\n<p>Desde 2017 se realiza esta actividad, que ya permiti\u00f3 a m\u00e1s de 1250 estudiantes aprender sobre las principales funciones del Organismo, la normativa que se aplica, la p\u00e1gina web y brinda la posibilidad de realizar pr\u00e1cticas pre-profesionales.Por otro lado, estudiantes del Tercer Ciclo de Nivel Medio siguen participando de las Charlas Taller que realiza el equipo de Cultura Tributaria. Se destaca que este a\u00f1o las actividades se est\u00e1n dictando nuevamente de manera presencial, abordando temas varios como tributos, presupuesto y ciudadan\u00eda, entre otros.<\/p>\n<p>Asimismo, en agosto comenzar\u00e1 la 11a edici\u00f3n del Concurso \u201cMi Factura, \u00a1Por Favor!\u201d para alumnos y alumnas de Nivel Medio de escuelas p\u00fablicas y privadas de la Ciudad, que busca contribuir a la formaci\u00f3n del ciudadano; desarrollar la comprensi\u00f3n del rol social de los impuestos, del pago voluntario, de las funciones de la AGIP como Administraci\u00f3n Tributaria; promover la integraci\u00f3n y la solidaridad grupal; y respetar lo p\u00fablico.La AGIP destaca y agradece el compromiso de estudiantes y docentes que forman parte de las distintas iniciativas.<\/p>\n","protected":false},"excerpt":{"rendered":"<p>La Administraci\u00f3n Gubernamental de Ingresos P\u00fablicos (AGIP) durante el 2022 contin\u00faa llevando a cabo sus actividades de Cultura Tributaria.La AGIP junto con la Administraci\u00f3n Federal de Ingresos P\u00fablicos (AFIP) capacit\u00f3 durante el primer semestre alrededor de 150 estudiantes de diversas universidades porte\u00f1as a trav\u00e9s de los N\u00facleos de Asistencia Fiscal (NAF), que buscan generar un [&hellip;]<\/p>\n","protected":false},"author":3,"featured_media":39739,"comment_status":"open","ping_status":"open","sticky":false,"template":"","format":"standard","meta":{"_et_pb_use_builder":"","_et_pb_old_content":"","_et_gb_content_width":"","footnotes":""},"categories":[11,33],"tags":[],"class_list":["post-39738","post","type-post","status-publish","format-standard","has-post-thumbnail","hentry","category-ciudad","category-sociedad-y-cultura-2"],"_links":{"self":[{"href":"https:\/\/vocesdebaires.com.ar\/index.php\/wp-json\/wp\/v2\/posts\/39738"}],"collection":[{"href":"https:\/\/vocesdebaires.com.ar\/index.php\/wp-json\/wp\/v2\/posts"}],"about":[{"href":"https:\/\/vocesdebaires.com.ar\/index.php\/wp-json\/wp\/v2\/types\/post"}],"author":[{"embeddable":true,"href":"https:\/\/vocesdebaires.com.ar\/index.php\/wp-json\/wp\/v2\/users\/3"}],"replies":[{"embeddable":true,"href":"https:\/\/vocesdebaires.com.ar\/index.php\/wp-json\/wp\/v2\/comments?post=39738"}],"version-history":[{"count":1,"href":"https:\/\/vocesdebaires.com.ar\/index.php\/wp-json\/wp\/v2\/posts\/39738\/revisions"}],"predecessor-version":[{"id":39740,"href":"https:\/\/vocesdebaires.com.ar\/index.php\/wp-json\/wp\/v2\/posts\/39738\/revisions\/39740"}],"wp:featuredmedia":[{"embeddable":true,"href":"https:\/\/vocesdebaires.com.ar\/index.php\/wp-json\/wp\/v2\/media\/39739"}],"wp:attachment":[{"href":"https:\/\/vocesdebaires.com.ar\/index.php\/wp-json\/wp\/v2\/media?parent=39738"}],"wp:term":[{"taxonomy":"category","embeddable":true,"href":"https:\/\/vocesdebaires.com.ar\/index.php\/wp-json\/wp\/v2\/categories?post=39738"},{"taxonomy":"post_tag","embeddable":true,"href":"https:\/\/vocesdebaires.com.ar\/index.php\/wp-json\/wp\/v2\/tags?post=39738"}],"curies":[{"name":"wp","href":"https:\/\/api.w.org\/{rel}","templated":true}]}}