{"id":39747,"date":"2022-08-09T00:00:47","date_gmt":"2022-08-09T03:00:47","guid":{"rendered":"https:\/\/vocesdebaires.com.ar\/?p=39747"},"modified":"2022-08-08T23:42:42","modified_gmt":"2022-08-09T02:42:42","slug":"ciudadel-indice-de-precios-al-consumidor-registro-77-en-julio","status":"publish","type":"post","link":"https:\/\/vocesdebaires.com.ar\/index.php\/2022\/08\/09\/ciudadel-indice-de-precios-al-consumidor-registro-77-en-julio\/","title":{"rendered":"Ciudad:El Indice de Precios al consumidor registr\u00f3 7,7% en julio"},"content":{"rendered":"<p>Durante el mes de julio el \u00cdndice de Precios al Consumidor de la Ciudad de Buenos Aires registr\u00f3 un incremento de 7,7%, acumulando en los primeros siete meses del a\u00f1o una suba de 44,1%. La trayectoria interanual\u00a0 i.a. de este indicador se ubic\u00f3 en 69,2% (+7,4 puntos porcentuales -p.p.- por encima del mes previo). Durante el mes de julio los Bienes registraron una suba de 8,2%, por encima de los Servicios que aumentaron 7,3%. La din\u00e1mica mensual de los Bienes respondi\u00f3 fundamentalmente a los incrementos en los precios de los alimentos (principalmente panificados, l\u00e1cteos, carnes y verduras).<\/p>\n<p>En menor medida, se destacaron las subas en los valores de las prendas de vestir, de los art\u00edculos de cuidado personal, de los medicamentos, del calzado y de los autom\u00f3viles. En tanto, el comportamiento de los Servicios reflej\u00f3 principalmente los aumentos en los precios de los restaurantes, bares y casas de comida, en las tarifas del alojamiento en hoteles, en los valores de los alquileres y de los gastos comunes de la vivienda.<\/p>\n<p>Le siguieron en importancia, las alzas en los precios de los paquetes tur\u00edsticos y los ajustes en las cuotas de medicina prepaga y de educaci\u00f3n formal. As\u00ed, en los primeros siete meses del a\u00f1o los Bienes acumularon un aumento de 46,8% y los Servicios de 41,7%. En t\u00e9rminos interanuales, ambas agrupaciones se aceleraron hasta: 71,7% i.a. en el caso de los Bienes (+7,9 p.p. respecto del mes previo) y 67,1% i.a. en el caso de los Servicios (+7,2 p.p.) Descargar informe de resultados sobre el Indice de Precios de julio 2022<\/p>\n","protected":false},"excerpt":{"rendered":"<p>Durante el mes de julio el \u00cdndice de Precios al Consumidor de la Ciudad de Buenos Aires registr\u00f3 un incremento de 7,7%, acumulando en los primeros siete meses del a\u00f1o una suba de 44,1%. La trayectoria interanual\u00a0 i.a. de este indicador se ubic\u00f3 en 69,2% (+7,4 puntos porcentuales -p.p.- por encima del mes previo). Durante [&hellip;]<\/p>\n","protected":false},"author":3,"featured_media":39748,"comment_status":"open","ping_status":"open","sticky":false,"template":"","format":"standard","meta":{"_et_pb_use_builder":"","_et_pb_old_content":"","_et_gb_content_width":"","footnotes":""},"categories":[11,33],"tags":[],"class_list":["post-39747","post","type-post","status-publish","format-standard","has-post-thumbnail","hentry","category-ciudad","category-sociedad-y-cultura-2"],"_links":{"self":[{"href":"https:\/\/vocesdebaires.com.ar\/index.php\/wp-json\/wp\/v2\/posts\/39747"}],"collection":[{"href":"https:\/\/vocesdebaires.com.ar\/index.php\/wp-json\/wp\/v2\/posts"}],"about":[{"href":"https:\/\/vocesdebaires.com.ar\/index.php\/wp-json\/wp\/v2\/types\/post"}],"author":[{"embeddable":true,"href":"https:\/\/vocesdebaires.com.ar\/index.php\/wp-json\/wp\/v2\/users\/3"}],"replies":[{"embeddable":true,"href":"https:\/\/vocesdebaires.com.ar\/index.php\/wp-json\/wp\/v2\/comments?post=39747"}],"version-history":[{"count":1,"href":"https:\/\/vocesdebaires.com.ar\/index.php\/wp-json\/wp\/v2\/posts\/39747\/revisions"}],"predecessor-version":[{"id":39749,"href":"https:\/\/vocesdebaires.com.ar\/index.php\/wp-json\/wp\/v2\/posts\/39747\/revisions\/39749"}],"wp:featuredmedia":[{"embeddable":true,"href":"https:\/\/vocesdebaires.com.ar\/index.php\/wp-json\/wp\/v2\/media\/39748"}],"wp:attachment":[{"href":"https:\/\/vocesdebaires.com.ar\/index.php\/wp-json\/wp\/v2\/media?parent=39747"}],"wp:term":[{"taxonomy":"category","embeddable":true,"href":"https:\/\/vocesdebaires.com.ar\/index.php\/wp-json\/wp\/v2\/categories?post=39747"},{"taxonomy":"post_tag","embeddable":true,"href":"https:\/\/vocesdebaires.com.ar\/index.php\/wp-json\/wp\/v2\/tags?post=39747"}],"curies":[{"name":"wp","href":"https:\/\/api.w.org\/{rel}","templated":true}]}}