{"id":39757,"date":"2022-08-10T00:00:03","date_gmt":"2022-08-10T03:00:03","guid":{"rendered":"https:\/\/vocesdebaires.com.ar\/?p=39757"},"modified":"2022-08-09T22:18:46","modified_gmt":"2022-08-10T01:18:46","slug":"en-la-ciudadlas-nuevas-condiciones-para-ser-un-alumno-regular","status":"publish","type":"post","link":"https:\/\/vocesdebaires.com.ar\/index.php\/2022\/08\/10\/en-la-ciudadlas-nuevas-condiciones-para-ser-un-alumno-regular\/","title":{"rendered":"En la ciudad:Las nuevas condiciones para ser un alumno regular"},"content":{"rendered":"<p>El Ministerio de Educaci\u00f3n porte\u00f1o, a trav\u00e9s de la resoluci\u00f3n N\u00b0 3732\/MEDGC\/22, defini\u00f3 cu\u00e1les son las condiciones que deber\u00e1 cumplir un estudiante a partir de ahora para ser considerado un alumno regular. Esta nueva definici\u00f3n impactar\u00e1 en el acceso al programa social Ciudadan\u00eda Porte\u00f1a que requiere como contraprestaci\u00f3n asegurar la escolaridad de los menores de 18 a\u00f1os del hogar. La medida publicada en el bolet\u00edn oficial el 1\u00b0 de agosto de 2022 implica que para ser un \u201calumno regular\u201d los estudiantes deber\u00e1n asistir en cada bimestre un m\u00ednimo del 85% de los d\u00edas efectivos de clases durante el ciclo lectivo, seg\u00fan las fechas establecidas en la agenda educativa.<\/p>\n<p>Asimismo, no podr\u00e1n tener m\u00e1s de 25 inasistencias a lo largo del a\u00f1o. Quienes pierdan la condici\u00f3n de alumno regular podr\u00e1n recuperarla luego de haber asistido un m\u00ednimo del 85 % de d\u00edas efectivos de clases en el siguiente bimestre y una vez que hayan podido abordar los contenidos dictados en su ausencia. A tal fin, los docentes y el equipo directivo arbitrar\u00e1n los medios necesarios para garantizar el derecho de los estudiantes a la ense\u00f1anza obligatoria a trav\u00e9s de nuevas instancias y\/o actividades de acompa\u00f1amiento y apoyo a sus trayectorias escolares.<\/p>\n<p>El estudiante que pierda la condici\u00f3n de regular a lo largo del bimestre deber\u00e1 continuar asistiendo a clases, es decir que deja de existir la condici\u00f3n de estudiante libre por inasistencia y el alumno conserva siempre su matriculaci\u00f3n. En los casos donde se presuma la vulneraci\u00f3n del derecho a la educaci\u00f3n de un estudiante debido a inasistencias, llegadas tarde o retiros anticipados, y habiendo perdido comunicaci\u00f3n con el adulto responsable, la escuela dar\u00e1 intervenci\u00f3n al Consejo de Derechos de Ni\u00f1as, Ni\u00f1os y Adolescentes.<\/p>\n<p><strong>T\u00e9rminos para tramitar la constancia de alumno regular<\/strong><br \/>\nA partir de ahora, en el primer bimestre, las conducciones escolares podr\u00e1n extender la constancia de alumno regular despu\u00e9s de la primera semana de clases. Luego de este per\u00edodo, las conducciones deber\u00e1n constatar que el estudiante no haya perdido la regularidad al momento de su solicitud. En los casos donde la constancia se solicite en los siguientes bimestres, deber\u00e1 emitirse seg\u00fan el c\u00f3mputo de asistencias correspondiente al bimestre anterior al que se efect\u00faa la solicitud. La constancia de alumno regular tendr\u00e1 vigencia durante el bimestre en que haya sido emitida.<\/p>\n","protected":false},"excerpt":{"rendered":"<p>El Ministerio de Educaci\u00f3n porte\u00f1o, a trav\u00e9s de la resoluci\u00f3n N\u00b0 3732\/MEDGC\/22, defini\u00f3 cu\u00e1les son las condiciones que deber\u00e1 cumplir un estudiante a partir de ahora para ser considerado un alumno regular. Esta nueva definici\u00f3n impactar\u00e1 en el acceso al programa social Ciudadan\u00eda Porte\u00f1a que requiere como contraprestaci\u00f3n asegurar la escolaridad de los menores de [&hellip;]<\/p>\n","protected":false},"author":3,"featured_media":39758,"comment_status":"open","ping_status":"open","sticky":false,"template":"","format":"standard","meta":{"_et_pb_use_builder":"","_et_pb_old_content":"","_et_gb_content_width":"","footnotes":""},"categories":[11,33],"tags":[],"class_list":["post-39757","post","type-post","status-publish","format-standard","has-post-thumbnail","hentry","category-ciudad","category-sociedad-y-cultura-2"],"_links":{"self":[{"href":"https:\/\/vocesdebaires.com.ar\/index.php\/wp-json\/wp\/v2\/posts\/39757"}],"collection":[{"href":"https:\/\/vocesdebaires.com.ar\/index.php\/wp-json\/wp\/v2\/posts"}],"about":[{"href":"https:\/\/vocesdebaires.com.ar\/index.php\/wp-json\/wp\/v2\/types\/post"}],"author":[{"embeddable":true,"href":"https:\/\/vocesdebaires.com.ar\/index.php\/wp-json\/wp\/v2\/users\/3"}],"replies":[{"embeddable":true,"href":"https:\/\/vocesdebaires.com.ar\/index.php\/wp-json\/wp\/v2\/comments?post=39757"}],"version-history":[{"count":1,"href":"https:\/\/vocesdebaires.com.ar\/index.php\/wp-json\/wp\/v2\/posts\/39757\/revisions"}],"predecessor-version":[{"id":39759,"href":"https:\/\/vocesdebaires.com.ar\/index.php\/wp-json\/wp\/v2\/posts\/39757\/revisions\/39759"}],"wp:featuredmedia":[{"embeddable":true,"href":"https:\/\/vocesdebaires.com.ar\/index.php\/wp-json\/wp\/v2\/media\/39758"}],"wp:attachment":[{"href":"https:\/\/vocesdebaires.com.ar\/index.php\/wp-json\/wp\/v2\/media?parent=39757"}],"wp:term":[{"taxonomy":"category","embeddable":true,"href":"https:\/\/vocesdebaires.com.ar\/index.php\/wp-json\/wp\/v2\/categories?post=39757"},{"taxonomy":"post_tag","embeddable":true,"href":"https:\/\/vocesdebaires.com.ar\/index.php\/wp-json\/wp\/v2\/tags?post=39757"}],"curies":[{"name":"wp","href":"https:\/\/api.w.org\/{rel}","templated":true}]}}