{"id":39760,"date":"2022-08-10T00:00:42","date_gmt":"2022-08-10T03:00:42","guid":{"rendered":"https:\/\/vocesdebaires.com.ar\/?p=39760"},"modified":"2022-08-09T22:31:50","modified_gmt":"2022-08-10T01:31:50","slug":"ciudad-nueva-propuestauniversitaria-para-docentes","status":"publish","type":"post","link":"https:\/\/vocesdebaires.com.ar\/index.php\/2022\/08\/10\/ciudad-nueva-propuestauniversitaria-para-docentes\/","title":{"rendered":"Ciudad nueva Propuesta:Universitaria para docentes"},"content":{"rendered":"<p>Desde el 8 de agosto de 2022 los\/as docentes que est\u00e9n transitando sus primeros a\u00f1os de ejercicio profesional, y a\u00fan no hayan titularizado en ning\u00fan cargo, pueden inscribirse en las especializaciones de Nivel Superior creadas con el objetivo de responder a los desaf\u00edos espec\u00edficos que se presentan en los inicios del ejercicio profesional. Adem\u00e1s, podr\u00e1n acreditar 400 horas c\u00e1tedra y 1,5 puntos.<\/p>\n<p>Las opciones de formaci\u00f3n son:<br \/>\nEspecializaci\u00f3n docente de Nivel Superior en ense\u00f1anza de las Pr\u00e1cticas del Lenguaje en la Educaci\u00f3n Primaria.<br \/>\nEnse\u00f1anza de las Ciencias Naturales en la Educaci\u00f3n Primaria.<br \/>\nEnse\u00f1anza de la Lectura y la Escritura en la Educaci\u00f3n Primaria.<br \/>\nEducaci\u00f3n Inicial.<\/p>\n<p>Los\/as participantes podr\u00e1n ampliar y profundizar sus conocimientos en contacto con marcos te\u00f3ricos innovadores y pr\u00e1cticas actualizadas para responder a las necesidades de aulas y contextos diversos. Cada especializaci\u00f3n tiene una duraci\u00f3n de un a\u00f1o y medio y se cursa en modalidad presencial en la \u00abUniversidad de la Ciudad\u00bb y en espacios de formaci\u00f3n y acompa\u00f1amiento presenciales y virtuales de Escuela de Maestros. Las especializaciones est\u00e1n estructuradas en base a 5 asignaturas de cursada presencial y un espacio pedag\u00f3gico, el Taller de acompa\u00f1amiento para la pr\u00e1ctica docente, en el que se trabajar\u00e1 en la reflexi\u00f3n sobre las pr\u00e1cticas.<\/p>\n<p><strong>Prop\u00f3sitos, requisitos y cronograma:<\/strong> https:\/\/www.buenosaires.gob.ar\/educacion\/docentes\/escuelademaestros\/acciones-formativas\/especializacion-universitaria-para-docentes<\/p>\n","protected":false},"excerpt":{"rendered":"<p>Desde el 8 de agosto de 2022 los\/as docentes que est\u00e9n transitando sus primeros a\u00f1os de ejercicio profesional, y a\u00fan no hayan titularizado en ning\u00fan cargo, pueden inscribirse en las especializaciones de Nivel Superior creadas con el objetivo de responder a los desaf\u00edos espec\u00edficos que se presentan en los inicios del ejercicio profesional. Adem\u00e1s, podr\u00e1n [&hellip;]<\/p>\n","protected":false},"author":3,"featured_media":39761,"comment_status":"open","ping_status":"open","sticky":false,"template":"","format":"standard","meta":{"_et_pb_use_builder":"","_et_pb_old_content":"","_et_gb_content_width":"","footnotes":""},"categories":[11,33],"tags":[],"class_list":["post-39760","post","type-post","status-publish","format-standard","has-post-thumbnail","hentry","category-ciudad","category-sociedad-y-cultura-2"],"_links":{"self":[{"href":"https:\/\/vocesdebaires.com.ar\/index.php\/wp-json\/wp\/v2\/posts\/39760"}],"collection":[{"href":"https:\/\/vocesdebaires.com.ar\/index.php\/wp-json\/wp\/v2\/posts"}],"about":[{"href":"https:\/\/vocesdebaires.com.ar\/index.php\/wp-json\/wp\/v2\/types\/post"}],"author":[{"embeddable":true,"href":"https:\/\/vocesdebaires.com.ar\/index.php\/wp-json\/wp\/v2\/users\/3"}],"replies":[{"embeddable":true,"href":"https:\/\/vocesdebaires.com.ar\/index.php\/wp-json\/wp\/v2\/comments?post=39760"}],"version-history":[{"count":1,"href":"https:\/\/vocesdebaires.com.ar\/index.php\/wp-json\/wp\/v2\/posts\/39760\/revisions"}],"predecessor-version":[{"id":39762,"href":"https:\/\/vocesdebaires.com.ar\/index.php\/wp-json\/wp\/v2\/posts\/39760\/revisions\/39762"}],"wp:featuredmedia":[{"embeddable":true,"href":"https:\/\/vocesdebaires.com.ar\/index.php\/wp-json\/wp\/v2\/media\/39761"}],"wp:attachment":[{"href":"https:\/\/vocesdebaires.com.ar\/index.php\/wp-json\/wp\/v2\/media?parent=39760"}],"wp:term":[{"taxonomy":"category","embeddable":true,"href":"https:\/\/vocesdebaires.com.ar\/index.php\/wp-json\/wp\/v2\/categories?post=39760"},{"taxonomy":"post_tag","embeddable":true,"href":"https:\/\/vocesdebaires.com.ar\/index.php\/wp-json\/wp\/v2\/tags?post=39760"}],"curies":[{"name":"wp","href":"https:\/\/api.w.org\/{rel}","templated":true}]}}