{"id":39763,"date":"2022-08-10T00:00:05","date_gmt":"2022-08-10T03:00:05","guid":{"rendered":"https:\/\/vocesdebaires.com.ar\/?p=39763"},"modified":"2022-08-09T22:35:54","modified_gmt":"2022-08-10T01:35:54","slug":"ciudadimpacto-en-el-programa-social-ciudadania-portena","status":"publish","type":"post","link":"https:\/\/vocesdebaires.com.ar\/index.php\/2022\/08\/10\/ciudadimpacto-en-el-programa-social-ciudadania-portena\/","title":{"rendered":"Ciudad:Impacto en el programa social Ciudadan\u00eda porte\u00f1a"},"content":{"rendered":"<p>Ciudadan\u00eda Porte\u00f1a es un programa de transferencia directa de ingresos a los hogares en situaci\u00f3n de pobreza e indigencia que residen en la Ciudad de Buenos Aires. Los titulares del beneficio asumen corresponsabilidades, entre las que se encuentra asegurar la escolaridad de los menores de 18 a\u00f1os del hogar. Por eso, el programa establece un monto adicional por cada menor integrante del hogar que se encuentre escolarizado.<\/p>\n<p><strong>Alcance:<\/strong><br \/>\n<strong>Hogares: 41.669.<\/strong><br \/>\n<strong>Personas: 100.057.<\/strong><br \/>\n<strong>Menores de 18 a\u00f1os: 23.686.<\/strong><\/p>\n<p>El Ministerio de Desarrollo Humano y H\u00e1bitat de la Ciudad realizar\u00e1 el cruce de datos con las nuevas bases de presentismo del Ministerio de Educaci\u00f3n para verificar la asistencia efectiva de los chicos a la escuela. En los casos donde se presente una irregularidad, equipos del Ministerio de Desarrollo se comunicar\u00e1n con la familia para entender la situaci\u00f3n e intentar que el menor retome sus estudios.<\/p>\n<p>Al mismo tiempo, equipos de la cartera educativa porte\u00f1a se pondr\u00e1n en contacto con la escuela para trabajar en nuevas oportunidades dentro del aula.En caso de que a los tres meses, con un nuevo cruce de n\u00f3minas, la situaci\u00f3n no se haya regularizado, se dar\u00e1 de baja el componente adicional, siempre con la posibilidad de que el estudiante regularice su situaci\u00f3n escolar y esto habilite a la familia a recuperar aquel monto.<\/p>\n<p>Con esta nueva medida se agilizar\u00e1n los tr\u00e1mites de control a partir del cruce autom\u00e1tico de datos y se podr\u00e1 realizar un diagn\u00f3stico temprano de situaciones irregulares. El trabajo conjunto entre ambos ministerios tiene como objetivo principal alinear los incentivos entre las distintas pol\u00edticas de Gobierno, y seguir construyendo una pol\u00edtica social cada vez m\u00e1s eficiente y transformadora que garantice la cobertura alimenticia de los ni\u00f1os y que a la vez sea un impulso verdadero para su escolarizaci\u00f3n.<\/p>\n","protected":false},"excerpt":{"rendered":"<p>Ciudadan\u00eda Porte\u00f1a es un programa de transferencia directa de ingresos a los hogares en situaci\u00f3n de pobreza e indigencia que residen en la Ciudad de Buenos Aires. Los titulares del beneficio asumen corresponsabilidades, entre las que se encuentra asegurar la escolaridad de los menores de 18 a\u00f1os del hogar. Por eso, el programa establece un [&hellip;]<\/p>\n","protected":false},"author":3,"featured_media":39764,"comment_status":"open","ping_status":"open","sticky":false,"template":"","format":"standard","meta":{"_et_pb_use_builder":"","_et_pb_old_content":"","_et_gb_content_width":"","footnotes":""},"categories":[11,33],"tags":[],"class_list":["post-39763","post","type-post","status-publish","format-standard","has-post-thumbnail","hentry","category-ciudad","category-sociedad-y-cultura-2"],"_links":{"self":[{"href":"https:\/\/vocesdebaires.com.ar\/index.php\/wp-json\/wp\/v2\/posts\/39763"}],"collection":[{"href":"https:\/\/vocesdebaires.com.ar\/index.php\/wp-json\/wp\/v2\/posts"}],"about":[{"href":"https:\/\/vocesdebaires.com.ar\/index.php\/wp-json\/wp\/v2\/types\/post"}],"author":[{"embeddable":true,"href":"https:\/\/vocesdebaires.com.ar\/index.php\/wp-json\/wp\/v2\/users\/3"}],"replies":[{"embeddable":true,"href":"https:\/\/vocesdebaires.com.ar\/index.php\/wp-json\/wp\/v2\/comments?post=39763"}],"version-history":[{"count":1,"href":"https:\/\/vocesdebaires.com.ar\/index.php\/wp-json\/wp\/v2\/posts\/39763\/revisions"}],"predecessor-version":[{"id":39765,"href":"https:\/\/vocesdebaires.com.ar\/index.php\/wp-json\/wp\/v2\/posts\/39763\/revisions\/39765"}],"wp:featuredmedia":[{"embeddable":true,"href":"https:\/\/vocesdebaires.com.ar\/index.php\/wp-json\/wp\/v2\/media\/39764"}],"wp:attachment":[{"href":"https:\/\/vocesdebaires.com.ar\/index.php\/wp-json\/wp\/v2\/media?parent=39763"}],"wp:term":[{"taxonomy":"category","embeddable":true,"href":"https:\/\/vocesdebaires.com.ar\/index.php\/wp-json\/wp\/v2\/categories?post=39763"},{"taxonomy":"post_tag","embeddable":true,"href":"https:\/\/vocesdebaires.com.ar\/index.php\/wp-json\/wp\/v2\/tags?post=39763"}],"curies":[{"name":"wp","href":"https:\/\/api.w.org\/{rel}","templated":true}]}}