{"id":39767,"date":"2022-08-10T00:00:13","date_gmt":"2022-08-10T03:00:13","guid":{"rendered":"https:\/\/vocesdebaires.com.ar\/?p=39767"},"modified":"2022-08-09T22:39:52","modified_gmt":"2022-08-10T01:39:52","slug":"amia-lanzo-una-campana-solidaria-por-el-dia-de-las-infancias","status":"publish","type":"post","link":"https:\/\/vocesdebaires.com.ar\/index.php\/2022\/08\/10\/amia-lanzo-una-campana-solidaria-por-el-dia-de-las-infancias\/","title":{"rendered":"AMIA lanz\u00f3 una campa\u00f1a solidaria por el D\u00eda de las Infancias"},"content":{"rendered":"<p>En el marco del D\u00eda de las Infancias, que se celebra el domingo 21 de agosto, AMIA lanz\u00f3 una campa\u00f1a de recaudaci\u00f3n de fondos para que 350 ni\u00f1as y ni\u00f1os destinatarios de los programas sociales de la instituci\u00f3n puedan recibir un regalo especial para festejar su d\u00eda.Para cumplir con este prop\u00f3sito, la entidad convoca a las personas interesadas en colaborar a completar un formulario online, en el que se deber\u00e1 indicar el monto que se quiera donar, que podr\u00e1 ser por \u00fanica vez o con una frecuencia mensual. Para conocer m\u00e1s detalles de la campa\u00f1a,\u00a0 se puede ingresar aqu\u00ed:https:\/\/donaronline.org\/amia\/celebremos-juntos-el-dia-de-las-infancias-dona-ahora-para-que-puedan-tener-su-regalo-en-este-dia-especial?preview=true<\/p>\n<p>\u201cCon esta acci\u00f3n solidaria buscamos promover la igualdad de oportunidades celebrando el derecho a jugar que tiene cada ni\u00f1o y ni\u00f1a. Te invitamos a sumar tu compromiso para que este D\u00eda de las Infancias sea tambi\u00e9n feliz para cientos de familias que hoy necesitan de nosotros, m\u00e1s que nunca\u201d, expresaron desde el departamento de Programas Sociales de la instituci\u00f3n.<\/p>\n","protected":false},"excerpt":{"rendered":"<p>En el marco del D\u00eda de las Infancias, que se celebra el domingo 21 de agosto, AMIA lanz\u00f3 una campa\u00f1a de recaudaci\u00f3n de fondos para que 350 ni\u00f1as y ni\u00f1os destinatarios de los programas sociales de la instituci\u00f3n puedan recibir un regalo especial para festejar su d\u00eda.Para cumplir con este prop\u00f3sito, la entidad convoca a [&hellip;]<\/p>\n","protected":false},"author":2,"featured_media":39768,"comment_status":"open","ping_status":"open","sticky":false,"template":"","format":"standard","meta":{"_et_pb_use_builder":"","_et_pb_old_content":"","_et_gb_content_width":"","footnotes":""},"categories":[11,33],"tags":[],"class_list":["post-39767","post","type-post","status-publish","format-standard","has-post-thumbnail","hentry","category-ciudad","category-sociedad-y-cultura-2"],"_links":{"self":[{"href":"https:\/\/vocesdebaires.com.ar\/index.php\/wp-json\/wp\/v2\/posts\/39767"}],"collection":[{"href":"https:\/\/vocesdebaires.com.ar\/index.php\/wp-json\/wp\/v2\/posts"}],"about":[{"href":"https:\/\/vocesdebaires.com.ar\/index.php\/wp-json\/wp\/v2\/types\/post"}],"author":[{"embeddable":true,"href":"https:\/\/vocesdebaires.com.ar\/index.php\/wp-json\/wp\/v2\/users\/2"}],"replies":[{"embeddable":true,"href":"https:\/\/vocesdebaires.com.ar\/index.php\/wp-json\/wp\/v2\/comments?post=39767"}],"version-history":[{"count":1,"href":"https:\/\/vocesdebaires.com.ar\/index.php\/wp-json\/wp\/v2\/posts\/39767\/revisions"}],"predecessor-version":[{"id":39769,"href":"https:\/\/vocesdebaires.com.ar\/index.php\/wp-json\/wp\/v2\/posts\/39767\/revisions\/39769"}],"wp:featuredmedia":[{"embeddable":true,"href":"https:\/\/vocesdebaires.com.ar\/index.php\/wp-json\/wp\/v2\/media\/39768"}],"wp:attachment":[{"href":"https:\/\/vocesdebaires.com.ar\/index.php\/wp-json\/wp\/v2\/media?parent=39767"}],"wp:term":[{"taxonomy":"category","embeddable":true,"href":"https:\/\/vocesdebaires.com.ar\/index.php\/wp-json\/wp\/v2\/categories?post=39767"},{"taxonomy":"post_tag","embeddable":true,"href":"https:\/\/vocesdebaires.com.ar\/index.php\/wp-json\/wp\/v2\/tags?post=39767"}],"curies":[{"name":"wp","href":"https:\/\/api.w.org\/{rel}","templated":true}]}}