{"id":3977,"date":"2019-10-08T03:00:00","date_gmt":"2019-10-08T06:00:00","guid":{"rendered":"http:\/\/vocesdebaires.com.ar\/wordpress\/index.php\/2019\/10\/08\/ciudad-segunda-jornada-del-concierto-de-primavera\/"},"modified":"2019-10-08T03:00:00","modified_gmt":"2019-10-08T06:00:00","slug":"ciudad-segunda-jornada-del-concierto-de-primavera","status":"publish","type":"post","link":"https:\/\/vocesdebaires.com.ar\/index.php\/2019\/10\/08\/ciudad-segunda-jornada-del-concierto-de-primavera\/","title":{"rendered":"Ciudad: Segunda jornada del Concierto de Primavera"},"content":{"rendered":"<p>El Concierto de Primavera tuvo su continuidad\u00a0 ayer por la tarde, en el sal\u00f3n Dorado. El mi\u00e9rcoles pasado hab\u00eda arrancado esta nueva edici\u00f3n que es organizada, como todos los a\u00f1os, por la Presidencia de la Legislatura de la Ciudad.En esta oportunidad hicieron su presentaci\u00f3n cinco establecimientos educativos musicales. Fueron la Escuela 6 DE 13, la Escuela 8 DE 9, la Escuela 12 DE 19, la Escuela 4 DE 19 y la Escuela de Orquesta y Coros Athos Palma.Hubo c\u00e1tedras de saxof\u00f3n, flauta traversa, dulce, violonchelo, piano, percusi\u00f3n, guitarra, coro, conjunto de c\u00e1maras, conjunto instrumental y danzas folkl\u00f3ricas. Los alumnos interpretaron piezas de Freddy Mercury, Lennon y Mc McCartney, Bruno Coulais, Celestino Ferrer y Mathos Rodr\u00edguez, entre otros.<\/p>\n","protected":false},"excerpt":{"rendered":"<p>El Concierto de Primavera tuvo su continuidad\u00a0 ayer por la tarde, en el sal\u00f3n Dorado. El mi\u00e9rcoles pasado hab\u00eda arrancado esta nueva edici\u00f3n que es organizada, como todos los a\u00f1os, por la Presidencia de la Legislatura de la Ciudad.En esta oportunidad hicieron su presentaci\u00f3n cinco establecimientos educativos musicales. Fueron la Escuela 6 DE 13, la [&hellip;]<\/p>\n","protected":false},"author":1,"featured_media":3978,"comment_status":"open","ping_status":"open","sticky":false,"template":"","format":"standard","meta":{"_et_pb_use_builder":"","_et_pb_old_content":"","_et_gb_content_width":"","footnotes":""},"categories":[11,33],"tags":[],"class_list":["post-3977","post","type-post","status-publish","format-standard","has-post-thumbnail","hentry","category-ciudad","category-sociedad-y-cultura-2"],"_links":{"self":[{"href":"https:\/\/vocesdebaires.com.ar\/index.php\/wp-json\/wp\/v2\/posts\/3977"}],"collection":[{"href":"https:\/\/vocesdebaires.com.ar\/index.php\/wp-json\/wp\/v2\/posts"}],"about":[{"href":"https:\/\/vocesdebaires.com.ar\/index.php\/wp-json\/wp\/v2\/types\/post"}],"author":[{"embeddable":true,"href":"https:\/\/vocesdebaires.com.ar\/index.php\/wp-json\/wp\/v2\/users\/1"}],"replies":[{"embeddable":true,"href":"https:\/\/vocesdebaires.com.ar\/index.php\/wp-json\/wp\/v2\/comments?post=3977"}],"version-history":[{"count":0,"href":"https:\/\/vocesdebaires.com.ar\/index.php\/wp-json\/wp\/v2\/posts\/3977\/revisions"}],"wp:featuredmedia":[{"embeddable":true,"href":"https:\/\/vocesdebaires.com.ar\/index.php\/wp-json\/wp\/v2\/media\/3978"}],"wp:attachment":[{"href":"https:\/\/vocesdebaires.com.ar\/index.php\/wp-json\/wp\/v2\/media?parent=3977"}],"wp:term":[{"taxonomy":"category","embeddable":true,"href":"https:\/\/vocesdebaires.com.ar\/index.php\/wp-json\/wp\/v2\/categories?post=3977"},{"taxonomy":"post_tag","embeddable":true,"href":"https:\/\/vocesdebaires.com.ar\/index.php\/wp-json\/wp\/v2\/tags?post=3977"}],"curies":[{"name":"wp","href":"https:\/\/api.w.org\/{rel}","templated":true}]}}