{"id":3979,"date":"2019-10-08T03:00:00","date_gmt":"2019-10-08T06:00:00","guid":{"rendered":"http:\/\/vocesdebaires.com.ar\/wordpress\/index.php\/2019\/10\/08\/el-estado-en-tu-barrio-suma-nuevas-fechas\/"},"modified":"2019-10-08T03:00:00","modified_gmt":"2019-10-08T06:00:00","slug":"el-estado-en-tu-barrio-suma-nuevas-fechas","status":"publish","type":"post","link":"https:\/\/vocesdebaires.com.ar\/index.php\/2019\/10\/08\/el-estado-en-tu-barrio-suma-nuevas-fechas\/","title":{"rendered":"El Estado: En tu Barrio suma nuevas fechas"},"content":{"rendered":"<p>El Estado en tu Barrio es una iniciativa impulsada por el Gobierno nacional que, al igual que en otros puntos del pa\u00eds, se ejecuta peri\u00f3dicamente y de manera itinerante en distintos barrios de la Ciudad. Los programas y servicios del Estado est\u00e1n m\u00e1s cerca de tu casa para que puedas resolver tus tr\u00e1mites de una manera m\u00e1s r\u00e1pida, c\u00f3moda y sin intermediarios.<\/p>\n<p>Asimismo, mediante servicios de asistencia y prestaciones de distintos organismos oficiales que se ofrecen de forma inmediata, los vecinos pueden acceder f\u00e1cilmente a beneficios como vacunaciones; atenci\u00f3n primaria de la salud, pediatr\u00eda y odontolog\u00eda; consejos sobre buena alimentaci\u00f3n; y capacitaciones en prevenci\u00f3n de enfermedades y primeros auxilios.<\/p>\n<p>Fechas<br \/>Martes 8 al viernes 11 de octubre, de 9 a 14. Avenida Varela 1881, Barrio 1-11-14.<\/p>\n<p>Ciudad: En Tu Barrio ofrecemos, adem\u00e1s, informaci\u00f3n acerca de los siguientes programas:<\/p>\n<p>Servicios Sociales Zonales: se ofrece informaci\u00f3n acerca de todos los tr\u00e1mites y servicios a los que pod\u00e9s acceder en los 16 establecimientos de atenci\u00f3n descentralizada que tiene la Ciudad. Ticket Social: ofrece subsidios a familias en situaci\u00f3n de vulnerabilidad social para garantizar el acceso a productos de primera necesidad. Atenci\u00f3n a Familias en Situaci\u00f3n de Calle: brinda asistencia a familias en situaci\u00f3n de calle, ofreciendo subsidios con fines habitacionales. Ciudadan\u00eda Porte\u00f1a Con Todo Derecho: ofrece acompa\u00f1amiento econ\u00f3mico a familias en situaci\u00f3n de vulnerabilidad social para garantizarles el acceso a productos de primera necesidad. Red Primeros Meses: complemento del programa Ciudadan\u00eda Porte\u00f1a Con Todo Derecho que ofrece un subsidio a embarazadas y madres de ni\u00f1os de hasta 1 a\u00f1o para garantizar el cuidado de la salud.<\/p>\n<p>Estudiar es Trabajar: ofrece acompa\u00f1amiento econ\u00f3mico a personas entre 18 y 40 a\u00f1os para ayudarlos a terminar sus estudios. Asistencia e informaci\u00f3n sobre adicciones: en caso de ser necesario, se ofrece derivaci\u00f3n a los programas.Asesoramiento y contenci\u00f3n ante casos de violencia de g\u00e9nero: en caso de ser necesario, se ofrece derivaci\u00f3n a los programas. Paradores para gente en situaci\u00f3n de calle: en caso de ser necesario, se ofrece derivaci\u00f3n a alguno de los establecimientos. Banco de Elementos Ortop\u00e9dicos: ofrece a personas con discapacidad, que no pueden solventar la compra o el alquiler de estos elementos, sillas de ruedas, aud\u00edfonos, muletas, etc.<\/p>\n<p>Personas con discapacidad: se brinda informaci\u00f3n acerca del Certificado \u00danico de Discapacidad y de la bolsa de empleo inclusivo. Estaciones Saludables: chequeos y consejos de salud gratuitos. Mediaci\u00f3n Comunitaria: servicio gratuito que busca otorgar un espacio de di\u00e1logo directo y participativo entre dos o m\u00e1s personas que tienen un conflicto. Registro de Deudores Alimentarios Morosos: listado de personas que adeuden total o parcialmente cuotas alimentarias. Nuestras Familias: brinda subsidios para fortalecer el estado de familias en situaci\u00f3n de vulnerabilidad o riesgo social. Formaci\u00f3n e Inclusi\u00f3n para el Trabajo: programa de inclusi\u00f3n laboral que ofrece capacitaciones, tutor\u00edas y talleres gratuitos. Adem\u00e1s, pod\u00e9s encontrar el programa de forma permanente en la estaci\u00f3n de trenes Retiro, L\u00ednea General Mitre, local 205, o en la Estaci\u00f3n Plaza Constituci\u00f3n, L\u00ednea General Roca, de lunes a viernes de 8 a 18.<\/p>\n","protected":false},"excerpt":{"rendered":"<p>El Estado en tu Barrio es una iniciativa impulsada por el Gobierno nacional que, al igual que en otros puntos del pa\u00eds, se ejecuta peri\u00f3dicamente y de manera itinerante en distintos barrios de la Ciudad. Los programas y servicios del Estado est\u00e1n m\u00e1s cerca de tu casa para que puedas resolver tus tr\u00e1mites de una [&hellip;]<\/p>\n","protected":false},"author":1,"featured_media":3980,"comment_status":"open","ping_status":"open","sticky":false,"template":"","format":"standard","meta":{"_et_pb_use_builder":"","_et_pb_old_content":"","_et_gb_content_width":"","footnotes":""},"categories":[11,33],"tags":[],"class_list":["post-3979","post","type-post","status-publish","format-standard","has-post-thumbnail","hentry","category-ciudad","category-sociedad-y-cultura-2"],"_links":{"self":[{"href":"https:\/\/vocesdebaires.com.ar\/index.php\/wp-json\/wp\/v2\/posts\/3979"}],"collection":[{"href":"https:\/\/vocesdebaires.com.ar\/index.php\/wp-json\/wp\/v2\/posts"}],"about":[{"href":"https:\/\/vocesdebaires.com.ar\/index.php\/wp-json\/wp\/v2\/types\/post"}],"author":[{"embeddable":true,"href":"https:\/\/vocesdebaires.com.ar\/index.php\/wp-json\/wp\/v2\/users\/1"}],"replies":[{"embeddable":true,"href":"https:\/\/vocesdebaires.com.ar\/index.php\/wp-json\/wp\/v2\/comments?post=3979"}],"version-history":[{"count":0,"href":"https:\/\/vocesdebaires.com.ar\/index.php\/wp-json\/wp\/v2\/posts\/3979\/revisions"}],"wp:featuredmedia":[{"embeddable":true,"href":"https:\/\/vocesdebaires.com.ar\/index.php\/wp-json\/wp\/v2\/media\/3980"}],"wp:attachment":[{"href":"https:\/\/vocesdebaires.com.ar\/index.php\/wp-json\/wp\/v2\/media?parent=3979"}],"wp:term":[{"taxonomy":"category","embeddable":true,"href":"https:\/\/vocesdebaires.com.ar\/index.php\/wp-json\/wp\/v2\/categories?post=3979"},{"taxonomy":"post_tag","embeddable":true,"href":"https:\/\/vocesdebaires.com.ar\/index.php\/wp-json\/wp\/v2\/tags?post=3979"}],"curies":[{"name":"wp","href":"https:\/\/api.w.org\/{rel}","templated":true}]}}