{"id":39797,"date":"2022-08-11T00:48:35","date_gmt":"2022-08-11T03:48:35","guid":{"rendered":"https:\/\/vocesdebaires.com.ar\/?p=39797"},"modified":"2022-08-11T00:48:35","modified_gmt":"2022-08-11T03:48:35","slug":"legislatura-portena-anticipo-sesion-y-alivio-impositivo-a-jovenes","status":"publish","type":"post","link":"https:\/\/vocesdebaires.com.ar\/index.php\/2022\/08\/11\/legislatura-portena-anticipo-sesion-y-alivio-impositivo-a-jovenes\/","title":{"rendered":"Legislatura porte\u00f1a: Anticipo Sesi\u00f3n y alivio impositivo a j\u00f3venes"},"content":{"rendered":"<p>Los legisladores de la Ciudad tratar\u00e1n hoy jueves en sesi\u00f3n ordinaria un proyecto de ley del legislador Emmanuel Ferrario (VJ), con despacho de la comisi\u00f3n legislativa de Presupuesto que preside el legislador porte\u00f1o Claudio Romero (VJ), que propone eximir del pago de impuestos a los Ingresos Brutos, a los j\u00f3venes que se inscriban como nuevos contribuyentes. El beneficio fiscal que se proyecta es para los dos primeros a\u00f1os desde la inscripci\u00f3n y comprende a los contribuyentes del R\u00e9gimen Simplificado que tengan entre 18 y 29 a\u00f1os de edad. La reuni\u00f3n est\u00e1 convocada para hoy a las 11:00 hs., y el temario fue acordado ayer por la tarde en la habitual reuni\u00f3n de Labor Parlamentaria, con representantes de todas las bancadas.<\/p>\n","protected":false},"excerpt":{"rendered":"<p>Los legisladores de la Ciudad tratar\u00e1n hoy jueves en sesi\u00f3n ordinaria un proyecto de ley del legislador Emmanuel Ferrario (VJ), con despacho de la comisi\u00f3n legislativa de Presupuesto que preside el legislador porte\u00f1o Claudio Romero (VJ), que propone eximir del pago de impuestos a los Ingresos Brutos, a los j\u00f3venes que se inscriban como nuevos [&hellip;]<\/p>\n","protected":false},"author":2,"featured_media":39798,"comment_status":"open","ping_status":"open","sticky":false,"template":"","format":"standard","meta":{"_et_pb_use_builder":"","_et_pb_old_content":"","_et_gb_content_width":"","footnotes":""},"categories":[11,33],"tags":[],"class_list":["post-39797","post","type-post","status-publish","format-standard","has-post-thumbnail","hentry","category-ciudad","category-sociedad-y-cultura-2"],"_links":{"self":[{"href":"https:\/\/vocesdebaires.com.ar\/index.php\/wp-json\/wp\/v2\/posts\/39797"}],"collection":[{"href":"https:\/\/vocesdebaires.com.ar\/index.php\/wp-json\/wp\/v2\/posts"}],"about":[{"href":"https:\/\/vocesdebaires.com.ar\/index.php\/wp-json\/wp\/v2\/types\/post"}],"author":[{"embeddable":true,"href":"https:\/\/vocesdebaires.com.ar\/index.php\/wp-json\/wp\/v2\/users\/2"}],"replies":[{"embeddable":true,"href":"https:\/\/vocesdebaires.com.ar\/index.php\/wp-json\/wp\/v2\/comments?post=39797"}],"version-history":[{"count":1,"href":"https:\/\/vocesdebaires.com.ar\/index.php\/wp-json\/wp\/v2\/posts\/39797\/revisions"}],"predecessor-version":[{"id":39799,"href":"https:\/\/vocesdebaires.com.ar\/index.php\/wp-json\/wp\/v2\/posts\/39797\/revisions\/39799"}],"wp:featuredmedia":[{"embeddable":true,"href":"https:\/\/vocesdebaires.com.ar\/index.php\/wp-json\/wp\/v2\/media\/39798"}],"wp:attachment":[{"href":"https:\/\/vocesdebaires.com.ar\/index.php\/wp-json\/wp\/v2\/media?parent=39797"}],"wp:term":[{"taxonomy":"category","embeddable":true,"href":"https:\/\/vocesdebaires.com.ar\/index.php\/wp-json\/wp\/v2\/categories?post=39797"},{"taxonomy":"post_tag","embeddable":true,"href":"https:\/\/vocesdebaires.com.ar\/index.php\/wp-json\/wp\/v2\/tags?post=39797"}],"curies":[{"name":"wp","href":"https:\/\/api.w.org\/{rel}","templated":true}]}}