{"id":39807,"date":"2022-08-11T01:04:09","date_gmt":"2022-08-11T04:04:09","guid":{"rendered":"https:\/\/vocesdebaires.com.ar\/?p=39807"},"modified":"2022-08-11T01:05:20","modified_gmt":"2022-08-11T04:05:20","slug":"la-daia-condena-las-expresiones-del-gobierno-venezolano","status":"publish","type":"post","link":"https:\/\/vocesdebaires.com.ar\/index.php\/2022\/08\/11\/la-daia-condena-las-expresiones-del-gobierno-venezolano\/","title":{"rendered":"La DAIA: Condena las expresiones del gobierno Venezolano"},"content":{"rendered":"<p>La DAIA condena las expresiones del gobierno venezolano, presidido por Nicol\u00e1s Maduro, en las que califican el atentado terrorista perpetrado contra la Rep\u00fablica Argentina en la sede AMIA-DAIA como un \u201cfalso positivo\u201d y recuerda que la causa judicial que se lleva adelante en nuestro pa\u00eds determin\u00f3 la responsabilidad de Ir\u00e1n, de ex funcionarios de ese pa\u00eds y de Hezbollah en el planeamiento y en la ejecuci\u00f3n de la masacre. La entidad representativa de la comunidad jud\u00eda argentina insta a que la Canciller\u00eda act\u00fae en consecuencia condenando las declaraciones manifestadas por el gobierno venezolano y exija las explicaciones correspondientes sobre los dichos que relativizan el atentado que sufri\u00f3 la Argentina y arroj\u00f3 85 v\u00edctimas y m\u00e1s de 300 heridos.<\/p>\n","protected":false},"excerpt":{"rendered":"<p>La DAIA condena las expresiones del gobierno venezolano, presidido por Nicol\u00e1s Maduro, en las que califican el atentado terrorista perpetrado contra la Rep\u00fablica Argentina en la sede AMIA-DAIA como un \u201cfalso positivo\u201d y recuerda que la causa judicial que se lleva adelante en nuestro pa\u00eds determin\u00f3 la responsabilidad de Ir\u00e1n, de ex funcionarios de ese [&hellip;]<\/p>\n","protected":false},"author":2,"featured_media":39808,"comment_status":"open","ping_status":"open","sticky":false,"template":"","format":"standard","meta":{"_et_pb_use_builder":"","_et_pb_old_content":"","_et_gb_content_width":"","footnotes":""},"categories":[11,33],"tags":[],"class_list":["post-39807","post","type-post","status-publish","format-standard","has-post-thumbnail","hentry","category-ciudad","category-sociedad-y-cultura-2"],"_links":{"self":[{"href":"https:\/\/vocesdebaires.com.ar\/index.php\/wp-json\/wp\/v2\/posts\/39807"}],"collection":[{"href":"https:\/\/vocesdebaires.com.ar\/index.php\/wp-json\/wp\/v2\/posts"}],"about":[{"href":"https:\/\/vocesdebaires.com.ar\/index.php\/wp-json\/wp\/v2\/types\/post"}],"author":[{"embeddable":true,"href":"https:\/\/vocesdebaires.com.ar\/index.php\/wp-json\/wp\/v2\/users\/2"}],"replies":[{"embeddable":true,"href":"https:\/\/vocesdebaires.com.ar\/index.php\/wp-json\/wp\/v2\/comments?post=39807"}],"version-history":[{"count":1,"href":"https:\/\/vocesdebaires.com.ar\/index.php\/wp-json\/wp\/v2\/posts\/39807\/revisions"}],"predecessor-version":[{"id":39809,"href":"https:\/\/vocesdebaires.com.ar\/index.php\/wp-json\/wp\/v2\/posts\/39807\/revisions\/39809"}],"wp:featuredmedia":[{"embeddable":true,"href":"https:\/\/vocesdebaires.com.ar\/index.php\/wp-json\/wp\/v2\/media\/39808"}],"wp:attachment":[{"href":"https:\/\/vocesdebaires.com.ar\/index.php\/wp-json\/wp\/v2\/media?parent=39807"}],"wp:term":[{"taxonomy":"category","embeddable":true,"href":"https:\/\/vocesdebaires.com.ar\/index.php\/wp-json\/wp\/v2\/categories?post=39807"},{"taxonomy":"post_tag","embeddable":true,"href":"https:\/\/vocesdebaires.com.ar\/index.php\/wp-json\/wp\/v2\/tags?post=39807"}],"curies":[{"name":"wp","href":"https:\/\/api.w.org\/{rel}","templated":true}]}}