{"id":39817,"date":"2022-08-12T00:00:06","date_gmt":"2022-08-12T03:00:06","guid":{"rendered":"https:\/\/vocesdebaires.com.ar\/?p=39817"},"modified":"2022-08-11T23:34:39","modified_gmt":"2022-08-12T02:34:39","slug":"una-playa-en-la-ciudadcomo-sera-y-cuanta-gente-albergara","status":"publish","type":"post","link":"https:\/\/vocesdebaires.com.ar\/index.php\/2022\/08\/12\/una-playa-en-la-ciudadcomo-sera-y-cuanta-gente-albergara\/","title":{"rendered":"Una playa en la ciudad,c\u00f3mo ser\u00e1 y cu\u00e1nta gente albergar\u00e1"},"content":{"rendered":"<p>La nueva playa es parte tambi\u00e9n del Distrito Joven, una iniciativa del Gobierno de la Ciudad que fue aprobada en la Legislatura local en 2018 y abarca cinco sectores de la Costara Norte de la ciudad, los cuales comienzan en el Parque de la Memoria y finalizan en Costa Salguero, con unos siete kil\u00f3metros de extensi\u00f3n, pasando frente al Aeroparque metropolitano.De acuerdo con la ley aprobada en 2018 (N\u00b0 5.961), el objetivo es que el \u00abDistrito Joven \u2013 Costanera Norte\u00bb sea una zona destinada a espacios recreativos, culturales, gastron\u00f3micos y de entretenimiento.<br \/>\nBA Playa estar\u00e1 ubicada en el Sector 2 del Distrito Joven, donde funcionaron varios restaurantes y discotecas. Este parque costero, que es parte del Plan BA Costa anunciado por el jefe de Gobierno Horacio Rodr\u00edguez Larreta en abril \u00faltimo, consiste en una \u00abplaya p\u00fablica para seis mil personas\u00bb, ubicada en Avenida Costanera Rafael Obligado 6551, al lado del complejo privado \u00abParque Norte\u00bb.<\/p>\n<p>Seg\u00fan lo anunciado, la playa \u00abcontar\u00e1 con juegos de agua, un muelle para pescadores y se complementar\u00e1 con una defensa costera de hormig\u00f3n escalonada de 860 metros de extensi\u00f3n\u00bb.<br \/>\nEl Gobierno porte\u00f1o public\u00f3 este lunes en el Bolet\u00edn Oficial de la ciudad de Buenos Aires las bases y condiciones para la obra Parque Costero BA, una playa p\u00fablica de tres hect\u00e1reas que estar\u00e1 ubicada sobre tierras ganadas al R\u00edo de la Plata, en la Costanera Norte, y a cuya obra destinar\u00e1 un \u00abpresupuesto oficial\u00bb de $1.047 millones. El presupuesto oficial\u00bb para la obra asciende a $1.047.189.182,72 a valores del mes de julio de 2022, con un anticipo financiero del 15%\u00bb, establece la resoluci\u00f3n de la jefatura de Gabinete porte\u00f1a, a cargo de Felipe Miguel.<\/p>\n","protected":false},"excerpt":{"rendered":"<p>La nueva playa es parte tambi\u00e9n del Distrito Joven, una iniciativa del Gobierno de la Ciudad que fue aprobada en la Legislatura local en 2018 y abarca cinco sectores de la Costara Norte de la ciudad, los cuales comienzan en el Parque de la Memoria y finalizan en Costa Salguero, con unos siete kil\u00f3metros de [&hellip;]<\/p>\n","protected":false},"author":3,"featured_media":39818,"comment_status":"open","ping_status":"open","sticky":false,"template":"","format":"standard","meta":{"_et_pb_use_builder":"","_et_pb_old_content":"","_et_gb_content_width":"","footnotes":""},"categories":[11,33],"tags":[],"class_list":["post-39817","post","type-post","status-publish","format-standard","has-post-thumbnail","hentry","category-ciudad","category-sociedad-y-cultura-2"],"_links":{"self":[{"href":"https:\/\/vocesdebaires.com.ar\/index.php\/wp-json\/wp\/v2\/posts\/39817"}],"collection":[{"href":"https:\/\/vocesdebaires.com.ar\/index.php\/wp-json\/wp\/v2\/posts"}],"about":[{"href":"https:\/\/vocesdebaires.com.ar\/index.php\/wp-json\/wp\/v2\/types\/post"}],"author":[{"embeddable":true,"href":"https:\/\/vocesdebaires.com.ar\/index.php\/wp-json\/wp\/v2\/users\/3"}],"replies":[{"embeddable":true,"href":"https:\/\/vocesdebaires.com.ar\/index.php\/wp-json\/wp\/v2\/comments?post=39817"}],"version-history":[{"count":1,"href":"https:\/\/vocesdebaires.com.ar\/index.php\/wp-json\/wp\/v2\/posts\/39817\/revisions"}],"predecessor-version":[{"id":39819,"href":"https:\/\/vocesdebaires.com.ar\/index.php\/wp-json\/wp\/v2\/posts\/39817\/revisions\/39819"}],"wp:featuredmedia":[{"embeddable":true,"href":"https:\/\/vocesdebaires.com.ar\/index.php\/wp-json\/wp\/v2\/media\/39818"}],"wp:attachment":[{"href":"https:\/\/vocesdebaires.com.ar\/index.php\/wp-json\/wp\/v2\/media?parent=39817"}],"wp:term":[{"taxonomy":"category","embeddable":true,"href":"https:\/\/vocesdebaires.com.ar\/index.php\/wp-json\/wp\/v2\/categories?post=39817"},{"taxonomy":"post_tag","embeddable":true,"href":"https:\/\/vocesdebaires.com.ar\/index.php\/wp-json\/wp\/v2\/tags?post=39817"}],"curies":[{"name":"wp","href":"https:\/\/api.w.org\/{rel}","templated":true}]}}