{"id":39846,"date":"2022-08-15T00:00:53","date_gmt":"2022-08-15T03:00:53","guid":{"rendered":"https:\/\/vocesdebaires.com.ar\/?p=39846"},"modified":"2022-08-14T19:21:54","modified_gmt":"2022-08-14T22:21:54","slug":"dirigentes-bonaerenses-recorrieron-los-barrios-mujica-y-rodrigo-bueno","status":"publish","type":"post","link":"https:\/\/vocesdebaires.com.ar\/index.php\/2022\/08\/15\/dirigentes-bonaerenses-recorrieron-los-barrios-mujica-y-rodrigo-bueno\/","title":{"rendered":"Dirigentes bonaerenses recorrieron los barrios Mujica y Rodrigo Bueno"},"content":{"rendered":"<p>El titular del Instituto de la Vivienda de la Ciudad de Buenos Aires, Gabriel Mraida, y el responsable de la UPE del Barrio Mugica, Tomas Galmarini, recorrieron los Barrios 31 y Rodrigo Bueno junto al Intendente de Jun\u00edn, Pablo Petrecca y referentes de diferentes distritos que conforman la Cuarta Secci\u00f3n electoral de la provincia de Buenos Aires. Particip\u00f3 tambi\u00e9n la diputada nacional por CABA, Guadalupe Tagliaferri.<\/p>\n<p>El objetivo de la recorrida de la comitiva bonaerense fue conocer de primera mano las pol\u00edticas de integraci\u00f3n y urbanizaci\u00f3n que lleva adelante el gobierno de Horacio Rodr\u00edguez Larreta en los barrios populares de la Ciudad de Buenos Aires. All\u00ed, tanto Petrecca como los dirigentes, conocieron las diferentes obras que se llevan adelante en la transformaci\u00f3n integral del barrio y resaltaron: \u201cDebemos lograr que los habitantes de los barrios m\u00e1s humildes de nuestras localidades tengan estas mismas posibilidades.\u201d<\/p>\n<p>El titular del IVC, Gabriel Mraida, destac\u00f3 que \u201ccon el liderazgo, y la decisi\u00f3n pol\u00edtica de Horacio, hemos emprendido la transformaci\u00f3n social y urbana de los barrios populares m\u00e1s importante desde el regreso de la democracia, no solo con obras de infraestructura, sino tambi\u00e9n generando atractivos tur\u00edsticos y destacando toda la riqueza gastron\u00f3mica y cultural que hay en los barrios\u201d destac\u00f3 Mraida. \u201cLa experiencia de integraci\u00f3n social y urbana de los barrios populares de la Ciudad demuestra que este tipo de transformaciones se pueden llevar a otros lugares de Argentina\u201d, dijo Galmarini, y agreg\u00f3 que \u201cel cambio real que se logra en la calidad de vida de las personas es realmente impresionante\u201d.<\/p>\n<p>Por su parte, la senadora Tagliaferri, expres\u00f3: \u201cDesde que iniciamos nuestra gesti\u00f3n, en la Ciudad de Buenos Aires trabajamos para que los vecinos puedan tener las mismas oportunidades sin importar el barrio en el que nazcan o vivan. Los proyectos que se llevan adelante en el Barrio Mugica y en Rodrigo Bueno son un claro ejemplo de que, con decisi\u00f3n pol\u00edtica y a trav\u00e9s de un trabajo sostenido en el tiempo, podemos torcer la realidad de las familias m\u00e1s vulnerables\u201d.<\/p>\n<p>Por \u00faltimo, el intendente de la localidad bonaerense, destac\u00f3 las pol\u00edticas p\u00fablicas llevadas a cabo por el gobierno porte\u00f1o. \u201cEs un trabajo integral que permite integrar, incluir y mejorar la calidad de vida de miles de vecinos. Al igual que el Plan de H\u00e1bitat del Cuadrante Noroeste de Jun\u00edn, se trata de acciones que transforman la realidad, con un Estado presente y cerca de quienes m\u00e1s lo necesitan\u201d, resalt\u00f3 el intendente.<\/p>\n<p>Formaron parte de la recorrida los referentes del PRO de Chivilcoy, Beatriz Sotera, Noelia Ramos Vicenza, Emilio Carabelli y Agust\u00edn Dagosto; el secretario de Gobierno de Chacabuco, Ignacio Orsini junto al subsecretario de Obras P\u00fablicas, Eduardo Juli\u00e1; los referentes del PRO de General Arenales, Walter Cuchetti y Roberto Capaldi; los dirigentes del PRO de Los Toldos, Mercedes Montanari y Gianluca Franco; y el concejal de Lincoln, Cuti Walberg junto a Angeles Caprile y Rosario Muzzio.<\/p>\n","protected":false},"excerpt":{"rendered":"<p>El titular del Instituto de la Vivienda de la Ciudad de Buenos Aires, Gabriel Mraida, y el responsable de la UPE del Barrio Mugica, Tomas Galmarini, recorrieron los Barrios 31 y Rodrigo Bueno junto al Intendente de Jun\u00edn, Pablo Petrecca y referentes de diferentes distritos que conforman la Cuarta Secci\u00f3n electoral de la provincia de [&hellip;]<\/p>\n","protected":false},"author":2,"featured_media":39847,"comment_status":"open","ping_status":"open","sticky":false,"template":"","format":"standard","meta":{"_et_pb_use_builder":"","_et_pb_old_content":"","_et_gb_content_width":"","footnotes":""},"categories":[34,13],"tags":[],"class_list":["post-39846","post","type-post","status-publish","format-standard","has-post-thumbnail","hentry","category-politica","category-provincia"],"_links":{"self":[{"href":"https:\/\/vocesdebaires.com.ar\/index.php\/wp-json\/wp\/v2\/posts\/39846"}],"collection":[{"href":"https:\/\/vocesdebaires.com.ar\/index.php\/wp-json\/wp\/v2\/posts"}],"about":[{"href":"https:\/\/vocesdebaires.com.ar\/index.php\/wp-json\/wp\/v2\/types\/post"}],"author":[{"embeddable":true,"href":"https:\/\/vocesdebaires.com.ar\/index.php\/wp-json\/wp\/v2\/users\/2"}],"replies":[{"embeddable":true,"href":"https:\/\/vocesdebaires.com.ar\/index.php\/wp-json\/wp\/v2\/comments?post=39846"}],"version-history":[{"count":1,"href":"https:\/\/vocesdebaires.com.ar\/index.php\/wp-json\/wp\/v2\/posts\/39846\/revisions"}],"predecessor-version":[{"id":39848,"href":"https:\/\/vocesdebaires.com.ar\/index.php\/wp-json\/wp\/v2\/posts\/39846\/revisions\/39848"}],"wp:featuredmedia":[{"embeddable":true,"href":"https:\/\/vocesdebaires.com.ar\/index.php\/wp-json\/wp\/v2\/media\/39847"}],"wp:attachment":[{"href":"https:\/\/vocesdebaires.com.ar\/index.php\/wp-json\/wp\/v2\/media?parent=39846"}],"wp:term":[{"taxonomy":"category","embeddable":true,"href":"https:\/\/vocesdebaires.com.ar\/index.php\/wp-json\/wp\/v2\/categories?post=39846"},{"taxonomy":"post_tag","embeddable":true,"href":"https:\/\/vocesdebaires.com.ar\/index.php\/wp-json\/wp\/v2\/tags?post=39846"}],"curies":[{"name":"wp","href":"https:\/\/api.w.org\/{rel}","templated":true}]}}