{"id":39865,"date":"2022-08-16T00:00:36","date_gmt":"2022-08-16T03:00:36","guid":{"rendered":"https:\/\/vocesdebaires.com.ar\/?p=39865"},"modified":"2022-08-15T15:35:07","modified_gmt":"2022-08-15T18:35:07","slug":"legislatura-portena-la-sinfonica-de-la-ciudad-en-el-salon-dorado","status":"publish","type":"post","link":"https:\/\/vocesdebaires.com.ar\/index.php\/2022\/08\/16\/legislatura-portena-la-sinfonica-de-la-ciudad-en-el-salon-dorado\/","title":{"rendered":"Legislatura porte\u00f1a: La Sinf\u00f3nica de la Ciudad en el Sal\u00f3n Dorado"},"content":{"rendered":"<p>La Banda Sinf\u00f3nica de la Ciudad de Buenos Aires se present\u00f3 el pasado viernes 12 de agosto a las 18 horas en el Sal\u00f3n Dorado del Palacio Legislativo, Per\u00fa 160. En el marco del Ciclo de M\u00fasica 2022 se ofreci\u00f3 un concierto de m\u00fasica cl\u00e1sica con entrada libre y gratuita. La actividad fue con aforo limitado, cubierto por orden de llegada estuvo organizada por la Direcci\u00f3n General de Asuntos Culturales y Patrimoniales de la Legislatura. La Banda Sinf\u00f3nica de la Ciudad de Buenos Aires, organismo estable de la Direcci\u00f3n General de M\u00fasica, fue creada por iniciativa de Antonio Malvagni experimentado director italiano de bandas, para darle a la ciudad una agrupaci\u00f3n sinf\u00f3nica de car\u00e1cter permanente.<\/p>\n<p>Se present\u00f3 oficialmente en el Teatro Col\u00f3n el 14 de mayo de 1910 para celebrar el Centenario de la Revoluci\u00f3n de Mayo. Fue dirigida por figuras de trayectoria nacional e internacional como Rafael Del Giudice, Domingo Calabr\u00f3, Reinaldo Zamboni, Mariano Drago, Gerardo Gandini, Roberto Far\u00edas (Brasil), Dennis Johnson (Estados Unidos), Vito Clemente (Italia), Jos\u00e9 Mar\u00eda Castro, Pascual Grisol\u00eda, Mario De Rose, Bernardo Teruggi, Gustavo Fontana y Jos\u00e9 Luis Cladera. A ellos se sumaron Juan Jos\u00e9 Castro, Luis Gianneo, Pedro Ignacio Calder\u00f3n y Sim\u00f3n Blech, entre otros. En la actualidad, sus directores son los Maestros Dar\u00edo Dom\u00ednguez Xodo y Carlos David Jaimes. Desde sus inicios, la Banda Sinf\u00f3nica de la Ciudad realiza una constante tarea de divulgaci\u00f3n tanto en espacios abiertos, plazas y parques como en salas de conciertos y escuelas p\u00fablicas porte\u00f1as, donde desarrolla una intensa labor pedag\u00f3gica mediante su ciclo anual de conciertos did\u00e1cticos.<\/p>\n<p><strong>El Programa fue este:<\/strong><br \/>\n<strong>Dirige: Mtro. Carlos David Jaimes<\/strong><br \/>\n<strong>1\u00ba Parte<\/strong><br \/>\nObertura de concierto N\u00b01 Alberto Williams<br \/>\nObertura de concierto N\u00b02 Alberto Williams<\/p>\n<p><strong>2\u00ba Parte<\/strong><br \/>\nMi vi\u00f1a de Chapanay Carlos Guastavino<br \/>\nVerano porte\u00f1o Astor Piazzolla<br \/>\nSelecci\u00f3n Mores (El Firulete, Grisel y Taquito Militar) Mariano Mores<br \/>\nArreglos: Mart\u00edn Darr\u00e9<\/p>\n<p>Carlos David Jaimes Realiz\u00f3 sus estudios de m\u00fasica en la Universidad Nacional de las Artes. Se form\u00f3 en direcci\u00f3n orquestal con Mario Benzecry y Carlos Calleja y se perfeccion\u00f3 en la Fundaci\u00f3n Teatro Col\u00f3n y el Mozarteum Argentino. Fue director adjunto de la Orquesta Acad\u00e9mica del Teatro Col\u00f3n y dirigi\u00f3 \u00f3peras, operetas y t\u00edtulos del repertorio coreogr\u00e1fico junto al Ballet Nacional. Fue director musical del Ballet Contempor\u00e1neo del Teatro San Mart\u00edn. Dirigi\u00f3 como invitado las orquestas Acad\u00e9mica del Teatro Col\u00f3n, Filarm\u00f3nica de Mendoza, Sinf\u00f3nica de Santa Fe, Sinf\u00f3nica de Bah\u00eda Blanca, Nacional de M\u00fasica Argentina Juan de Dios Filiberto, Sinf\u00f3nica Municipal de Avellaneda, Sinf\u00f3nica de la Universidad Nacional de Tucum\u00e1n, Nacional Juvenil de Chile, entre otras; director adjunto de la Orquesta Acad\u00e9mica de Buenos Aires desde su creaci\u00f3n hasta 2018 y director asistente de la Orquesta Sinf\u00f3nica Municipal de Florencio Varela.<\/p>\n","protected":false},"excerpt":{"rendered":"<p>La Banda Sinf\u00f3nica de la Ciudad de Buenos Aires se present\u00f3 el pasado viernes 12 de agosto a las 18 horas en el Sal\u00f3n Dorado del Palacio Legislativo, Per\u00fa 160. En el marco del Ciclo de M\u00fasica 2022 se ofreci\u00f3 un concierto de m\u00fasica cl\u00e1sica con entrada libre y gratuita. La actividad fue con aforo [&hellip;]<\/p>\n","protected":false},"author":2,"featured_media":39866,"comment_status":"open","ping_status":"open","sticky":false,"template":"","format":"standard","meta":{"_et_pb_use_builder":"","_et_pb_old_content":"","_et_gb_content_width":"","footnotes":""},"categories":[11,33],"tags":[],"class_list":["post-39865","post","type-post","status-publish","format-standard","has-post-thumbnail","hentry","category-ciudad","category-sociedad-y-cultura-2"],"_links":{"self":[{"href":"https:\/\/vocesdebaires.com.ar\/index.php\/wp-json\/wp\/v2\/posts\/39865"}],"collection":[{"href":"https:\/\/vocesdebaires.com.ar\/index.php\/wp-json\/wp\/v2\/posts"}],"about":[{"href":"https:\/\/vocesdebaires.com.ar\/index.php\/wp-json\/wp\/v2\/types\/post"}],"author":[{"embeddable":true,"href":"https:\/\/vocesdebaires.com.ar\/index.php\/wp-json\/wp\/v2\/users\/2"}],"replies":[{"embeddable":true,"href":"https:\/\/vocesdebaires.com.ar\/index.php\/wp-json\/wp\/v2\/comments?post=39865"}],"version-history":[{"count":1,"href":"https:\/\/vocesdebaires.com.ar\/index.php\/wp-json\/wp\/v2\/posts\/39865\/revisions"}],"predecessor-version":[{"id":39867,"href":"https:\/\/vocesdebaires.com.ar\/index.php\/wp-json\/wp\/v2\/posts\/39865\/revisions\/39867"}],"wp:featuredmedia":[{"embeddable":true,"href":"https:\/\/vocesdebaires.com.ar\/index.php\/wp-json\/wp\/v2\/media\/39866"}],"wp:attachment":[{"href":"https:\/\/vocesdebaires.com.ar\/index.php\/wp-json\/wp\/v2\/media?parent=39865"}],"wp:term":[{"taxonomy":"category","embeddable":true,"href":"https:\/\/vocesdebaires.com.ar\/index.php\/wp-json\/wp\/v2\/categories?post=39865"},{"taxonomy":"post_tag","embeddable":true,"href":"https:\/\/vocesdebaires.com.ar\/index.php\/wp-json\/wp\/v2\/tags?post=39865"}],"curies":[{"name":"wp","href":"https:\/\/api.w.org\/{rel}","templated":true}]}}