{"id":39868,"date":"2022-08-16T00:00:23","date_gmt":"2022-08-16T03:00:23","guid":{"rendered":"https:\/\/vocesdebaires.com.ar\/?p=39868"},"modified":"2022-08-15T15:38:44","modified_gmt":"2022-08-15T18:38:44","slug":"ciudadasamblea-del-consejo-de-planeamiento-estrategico-en-la-legislatura","status":"publish","type":"post","link":"https:\/\/vocesdebaires.com.ar\/index.php\/2022\/08\/16\/ciudadasamblea-del-consejo-de-planeamiento-estrategico-en-la-legislatura\/","title":{"rendered":"Legislatura:Asamblea del Consejo de Planeamiento Estrat\u00e9gico"},"content":{"rendered":"<p>El Consejo de Planeamiento Estrat\u00e9gico &#8211; CoPE- de la Ciudad de Buenos Aires tuvo su primera Asamblea General Ordinaria del a\u00f1o el pasado viernes en el Sal\u00f3n Dorado de la Legislatura, con la participaci\u00f3n del jefe de Gabinete del Ejecutivo, Felipe Miguel, entre los oradores. \u201cAdem\u00e1s de estar pensando las pol\u00edticas en particular, lo que se est\u00e1 desarrollando es la cultura del acuerdo, del di\u00e1logo y de la construcci\u00f3n de consensos amplios, incorporando esas visiones\u201d, valor\u00f3 el funcionario porte\u00f1o.<\/p>\n<p>Por la Legislatura, el vicepresidente 2\u00b0 legislador porte\u00f1o Mart\u00edn Ocampo (UCR\/E) particip\u00f3 de la reuni\u00f3n y festej\u00f3 un nuevo encuentro en beneficio del crecimiento de la Ciudad. \u201cEl CoPE constituye una de esas herramientas que la Naci\u00f3n deber\u00eda copiar: pensar en forma estrat\u00e9gica hacia d\u00f3nde queremos ir\u201d, sostuvo. Adem\u00e1s, el secretario General y de Relaciones Internacionales Fernando Straface, estuvo presente junto al director General del CoPE, Yamil Santoro, y dem\u00e1s autoridades del Consejo durante el encuentro al que tambi\u00e9n asistieron vecinos y representantes de agrupaciones civiles.<\/p>\n","protected":false},"excerpt":{"rendered":"<p>El Consejo de Planeamiento Estrat\u00e9gico &#8211; CoPE- de la Ciudad de Buenos Aires tuvo su primera Asamblea General Ordinaria del a\u00f1o el pasado viernes en el Sal\u00f3n Dorado de la Legislatura, con la participaci\u00f3n del jefe de Gabinete del Ejecutivo, Felipe Miguel, entre los oradores. \u201cAdem\u00e1s de estar pensando las pol\u00edticas en particular, lo que [&hellip;]<\/p>\n","protected":false},"author":2,"featured_media":39869,"comment_status":"open","ping_status":"open","sticky":false,"template":"","format":"standard","meta":{"_et_pb_use_builder":"","_et_pb_old_content":"","_et_gb_content_width":"","footnotes":""},"categories":[11,33],"tags":[],"class_list":["post-39868","post","type-post","status-publish","format-standard","has-post-thumbnail","hentry","category-ciudad","category-sociedad-y-cultura-2"],"_links":{"self":[{"href":"https:\/\/vocesdebaires.com.ar\/index.php\/wp-json\/wp\/v2\/posts\/39868"}],"collection":[{"href":"https:\/\/vocesdebaires.com.ar\/index.php\/wp-json\/wp\/v2\/posts"}],"about":[{"href":"https:\/\/vocesdebaires.com.ar\/index.php\/wp-json\/wp\/v2\/types\/post"}],"author":[{"embeddable":true,"href":"https:\/\/vocesdebaires.com.ar\/index.php\/wp-json\/wp\/v2\/users\/2"}],"replies":[{"embeddable":true,"href":"https:\/\/vocesdebaires.com.ar\/index.php\/wp-json\/wp\/v2\/comments?post=39868"}],"version-history":[{"count":3,"href":"https:\/\/vocesdebaires.com.ar\/index.php\/wp-json\/wp\/v2\/posts\/39868\/revisions"}],"predecessor-version":[{"id":39872,"href":"https:\/\/vocesdebaires.com.ar\/index.php\/wp-json\/wp\/v2\/posts\/39868\/revisions\/39872"}],"wp:featuredmedia":[{"embeddable":true,"href":"https:\/\/vocesdebaires.com.ar\/index.php\/wp-json\/wp\/v2\/media\/39869"}],"wp:attachment":[{"href":"https:\/\/vocesdebaires.com.ar\/index.php\/wp-json\/wp\/v2\/media?parent=39868"}],"wp:term":[{"taxonomy":"category","embeddable":true,"href":"https:\/\/vocesdebaires.com.ar\/index.php\/wp-json\/wp\/v2\/categories?post=39868"},{"taxonomy":"post_tag","embeddable":true,"href":"https:\/\/vocesdebaires.com.ar\/index.php\/wp-json\/wp\/v2\/tags?post=39868"}],"curies":[{"name":"wp","href":"https:\/\/api.w.org\/{rel}","templated":true}]}}