{"id":39873,"date":"2022-08-16T00:00:21","date_gmt":"2022-08-16T03:00:21","guid":{"rendered":"https:\/\/vocesdebaires.com.ar\/?p=39873"},"modified":"2022-08-15T15:41:47","modified_gmt":"2022-08-15T18:41:47","slug":"legislatura-portena-cultura-destaco-personalidad-destacada-a-massaroli","status":"publish","type":"post","link":"https:\/\/vocesdebaires.com.ar\/index.php\/2022\/08\/16\/legislatura-portena-cultura-destaco-personalidad-destacada-a-massaroli\/","title":{"rendered":"Legislatura porte\u00f1a: Cultura destac\u00f3 personalidad destacada a Massaroli"},"content":{"rendered":"<p>La Legislatura de la Ciudad destac\u00f3 el pasado viernes por la tarde como Personalidad Destacada en el \u00e1mbito de la Cultura al historietista Jos\u00e9 Massaroli. El acto se llev\u00f3 a cabo en el Sal\u00f3n San Mart\u00edn de la sede parlamentaria y cont\u00f3 con la presencia de los legisladores Juan Modarelli y Berenice Ia\u00f1ez (FdT). El legislador Modarelli manifest\u00f3 que la obra es una invitaci\u00f3n a que \u201crepensemos cr\u00edticamente la historia\u201d.<\/p>\n<p>Y agreg\u00f3: \u201cLa historia de nuestro pueblo es muy rica, es de lucha y la han reivindicado los procesos populares. Pensar la historia desde ese lugar habla muy bien de nosotros y nosotras y le da un sentido de \u00e9pica para la construcci\u00f3n de un futuro que nos merecemos\u201d. Por su parte, el homenajeado expres\u00f3 que \u00ablo hist\u00f3rico y lo gauchesco\u201d hace a nuestra identidad. Y sentenci\u00f3: \u201cac\u00e1 siempre estamos viendo a Hollywood, pero nos cuentan historias ajenas y nosotros tenemos la nuestra, que es de pr\u00f3ceres que no son los de la escuela primaria y Billiken. Todo eso necesita a alguien que lo haga y lo difunda\u00bb.<\/p>\n<p>Massaroli naci\u00f3 en la localidad bonaerense de Ramallo, pero hace 49 a\u00f1os que vive en el barrio de Flores\u00a0 Comuna 7, de la ciudad de Buenos Aires. En su haber hay obras destacadas como Juan Moreira, La Vuelta de Obligado y La vida de los caudillos, entre muchas otras. Adem\u00e1s, trabaj\u00f3 para la editorial Columba. Y en el exterior sus trazos se conocieron en Marvel \u2013donde dibuj\u00f3 a Punisher- y en la editorial Egmont, en donde ilustr\u00f3 m\u00e1s de 100 historietas del Pato Donald. Si bien el legislador Modarelli encabez\u00f3 el acto, cabe destacar que la distinci\u00f3n hab\u00eda sido aprobada antes de la pandemia, en noviembre de 2019 por iniciativa de la entonces legisladora y ahora diputada Paula Penacca.<\/p>\n","protected":false},"excerpt":{"rendered":"<p>La Legislatura de la Ciudad destac\u00f3 el pasado viernes por la tarde como Personalidad Destacada en el \u00e1mbito de la Cultura al historietista Jos\u00e9 Massaroli. El acto se llev\u00f3 a cabo en el Sal\u00f3n San Mart\u00edn de la sede parlamentaria y cont\u00f3 con la presencia de los legisladores Juan Modarelli y Berenice Ia\u00f1ez (FdT). El [&hellip;]<\/p>\n","protected":false},"author":2,"featured_media":39874,"comment_status":"open","ping_status":"open","sticky":false,"template":"","format":"standard","meta":{"_et_pb_use_builder":"","_et_pb_old_content":"","_et_gb_content_width":"","footnotes":""},"categories":[11,33],"tags":[],"class_list":["post-39873","post","type-post","status-publish","format-standard","has-post-thumbnail","hentry","category-ciudad","category-sociedad-y-cultura-2"],"_links":{"self":[{"href":"https:\/\/vocesdebaires.com.ar\/index.php\/wp-json\/wp\/v2\/posts\/39873"}],"collection":[{"href":"https:\/\/vocesdebaires.com.ar\/index.php\/wp-json\/wp\/v2\/posts"}],"about":[{"href":"https:\/\/vocesdebaires.com.ar\/index.php\/wp-json\/wp\/v2\/types\/post"}],"author":[{"embeddable":true,"href":"https:\/\/vocesdebaires.com.ar\/index.php\/wp-json\/wp\/v2\/users\/2"}],"replies":[{"embeddable":true,"href":"https:\/\/vocesdebaires.com.ar\/index.php\/wp-json\/wp\/v2\/comments?post=39873"}],"version-history":[{"count":1,"href":"https:\/\/vocesdebaires.com.ar\/index.php\/wp-json\/wp\/v2\/posts\/39873\/revisions"}],"predecessor-version":[{"id":39875,"href":"https:\/\/vocesdebaires.com.ar\/index.php\/wp-json\/wp\/v2\/posts\/39873\/revisions\/39875"}],"wp:featuredmedia":[{"embeddable":true,"href":"https:\/\/vocesdebaires.com.ar\/index.php\/wp-json\/wp\/v2\/media\/39874"}],"wp:attachment":[{"href":"https:\/\/vocesdebaires.com.ar\/index.php\/wp-json\/wp\/v2\/media?parent=39873"}],"wp:term":[{"taxonomy":"category","embeddable":true,"href":"https:\/\/vocesdebaires.com.ar\/index.php\/wp-json\/wp\/v2\/categories?post=39873"},{"taxonomy":"post_tag","embeddable":true,"href":"https:\/\/vocesdebaires.com.ar\/index.php\/wp-json\/wp\/v2\/tags?post=39873"}],"curies":[{"name":"wp","href":"https:\/\/api.w.org\/{rel}","templated":true}]}}