{"id":39884,"date":"2022-08-17T00:56:33","date_gmt":"2022-08-17T03:56:33","guid":{"rendered":"https:\/\/vocesdebaires.com.ar\/?p=39884"},"modified":"2022-08-17T00:56:33","modified_gmt":"2022-08-17T03:56:33","slug":"en-la-ciudadnuevas-licencias-de-conducir-examen-practico-en-la-calle","status":"publish","type":"post","link":"https:\/\/vocesdebaires.com.ar\/index.php\/2022\/08\/17\/en-la-ciudadnuevas-licencias-de-conducir-examen-practico-en-la-calle\/","title":{"rendered":"En la ciudad:Nuevas licencias de conducir, examen pr\u00e1ctico en la calle"},"content":{"rendered":"<p>Con el objetivo de mejorar la seguridad y la convivencia vial, y asegurar un procedimiento \u00e1gil y cercano, la Ciudad implementar\u00e1 un nuevo examen para otorgar licencias de conducir para autom\u00f3viles categor\u00eda B1. Se llevar\u00e1 a cabo de manera escalonada desde el 17 de agosto en la sede de la Comuna 12 hasta alcanzar las 10 sedes en octubre e incluir\u00e1 por primera vez un examen de conducci\u00f3n en la calle con veh\u00edculos doble comando para evaluar al vecino en un contexto real. Asimismo, el examen te\u00f3rico incluir\u00e1 un mayor n\u00famero de preguntas, pasando de 30 a 40. De esta manera, los nuevos conductores deber\u00e1n acreditar su aptitud psicof\u00edsica a trav\u00e9s de un examen de mayor profundidad.<\/p>\n<p>Una vez aprobadas todas las instancias, el vecino podr\u00e1 retirar la licencia el mismo d\u00eda. La implementaci\u00f3n del nuevo examen regir\u00e1 \u00fanicamente para los conductores que soliciten el otorgamiento de la Licencia categor\u00eda B1, personas que nunca tuvieron licencia para conducir autos o aquellas que no realizaron el tr\u00e1mite de renovaci\u00f3n por un per\u00edodo superior a un a\u00f1o.Cada persona que sale con un auto a la calle tiene que estar bien preparada, con los conocimientos y las habilidades necesarias para enfrentarse a los imponderables y las situaciones del tr\u00e1nsito.<\/p>\n<p>Por eso, desde la Ciudad, en l\u00ednea con los principales pa\u00edses del mundo, vamos a implementar un examen m\u00e1s exigente, que incluye una evaluaci\u00f3n te\u00f3rica m\u00e1s rigurosa y un pr\u00e1ctico en calle. Adem\u00e1s, para simplificar el tr\u00e1mite y seguir cuidando el tiempo de los vecinos, vamos a modificar los per\u00edodos de validez seg\u00fan la edad de los conductores\u201d, dijo el Jefe de Gabinete porte\u00f1o, Felipe Miguel.<\/p>\n<p>Por otro lado, se extendieron los plazos de vigencia de la licencia categor\u00eda B1. Las personas de 16 a 39 a\u00f1os podr\u00e1n obtenerla por un per\u00edodo de hasta 10 a\u00f1os, que ser\u00e1 definido de acuerdo a los resultados obtenidos en cada una de las instancias de evaluaci\u00f3n. La nueva medida se enmarca dentro del Plan de Convivencia Vial bajo la premisa de que ninguna muerte ni herido grave en el tr\u00e1nsito es aceptable. El Gobierno porte\u00f1o lleva adelante una serie de pol\u00edticas p\u00fablicas con el fin de cumplir con el compromiso de reducir un 20% las v\u00edctimas fatales por siniestros viales para el 2023 y un 50% para el 2030.<\/p>\n<p>\u201cEstamos cambiando de paradigma en el proceso de habilitaci\u00f3n de conductores, pasamos de una prueba de manejo a una de conducci\u00f3n, es decir, incorporamos a la evaluaci\u00f3n pr\u00e1ctica de manejo las reacciones de la persona en un ambiente real y controlado\u201d, afirm\u00f3 Julia Domeniconi, secretaria de Atenci\u00f3n Ciudadana y Gesti\u00f3n Comunal. Y agreg\u00f3: \u201cCon todas las mejoras implementadas alcanzamos los est\u00e1ndares m\u00e1s altos a nivel internacional en la habilitaci\u00f3n de conductores, a la vez que generamos las mejores condiciones para la convivencia vial en la Ciudad\u201d.<\/p>\n<p>La Ciudad pondr\u00e1 en marcha el nuevo sistema que tendr\u00e1 un total de 12 sedes habilitadas, de las cuales 10 ser\u00e1n sedes comunales d\u00f3nde se podr\u00e1 rendir el examen te\u00f3rico pr\u00e1ctico y permitir\u00e1n realizar todo el tr\u00e1mite en el mismo d\u00eda. En tanto, las dos pistas existentes de avenida Roca y la nueva de Parque Extremo ser\u00e1n destinadas exclusivamente para habilitar a conductores de motos y veh\u00edculos pesados, camiones o colectivos entre otros. As\u00ed, se agilizar\u00e1 de forma significativa la gesti\u00f3n del tr\u00e1mite.<\/p>\n<p>La Sede Comunal 12, la primera en implementar el nuevo protocolo, habilitar\u00e1 el examen el pr\u00f3ximo 17 de agosto, con posterioridad, se habilitar\u00e1n progresivamente durante septiembre y hasta la primera semana de octubre las sedes comunales 2, 3, 4, 5, 6, 10, 13, 14 y 15. Mientras dure el per\u00edodo de implementaci\u00f3n gradual los aspirantes no podr\u00e1n cambiar de modalidad de examen, en caso de tener que volver a rendir, se realizar\u00e1 bajo la misma modalidad.<\/p>\n<p>\u00abEn el marco de la ley de convivencia vial, el nuevo examen pr\u00e1ctico en calle pone a prueba a los aspirantes en un escenario muy similar al que van a enfrentarse cuando tengan su licencia. Esto lo hace m\u00e1s exigente y tambi\u00e9n m\u00e1s cercano a situaciones cotidianas. Trabajamos para formar mejores conductores en la calle, m\u00e1s responsables y con m\u00e1s herramientas\u00bb, explic\u00f3 Manuela L\u00f3pez Men\u00e9ndez, secretaria de Transporte y Obras P\u00fablicas.<\/p>\n","protected":false},"excerpt":{"rendered":"<p>Con el objetivo de mejorar la seguridad y la convivencia vial, y asegurar un procedimiento \u00e1gil y cercano, la Ciudad implementar\u00e1 un nuevo examen para otorgar licencias de conducir para autom\u00f3viles categor\u00eda B1. Se llevar\u00e1 a cabo de manera escalonada desde el 17 de agosto en la sede de la Comuna 12 hasta alcanzar las [&hellip;]<\/p>\n","protected":false},"author":3,"featured_media":39885,"comment_status":"open","ping_status":"open","sticky":false,"template":"","format":"standard","meta":{"_et_pb_use_builder":"","_et_pb_old_content":"","_et_gb_content_width":"","footnotes":""},"categories":[11,33],"tags":[],"class_list":["post-39884","post","type-post","status-publish","format-standard","has-post-thumbnail","hentry","category-ciudad","category-sociedad-y-cultura-2"],"_links":{"self":[{"href":"https:\/\/vocesdebaires.com.ar\/index.php\/wp-json\/wp\/v2\/posts\/39884"}],"collection":[{"href":"https:\/\/vocesdebaires.com.ar\/index.php\/wp-json\/wp\/v2\/posts"}],"about":[{"href":"https:\/\/vocesdebaires.com.ar\/index.php\/wp-json\/wp\/v2\/types\/post"}],"author":[{"embeddable":true,"href":"https:\/\/vocesdebaires.com.ar\/index.php\/wp-json\/wp\/v2\/users\/3"}],"replies":[{"embeddable":true,"href":"https:\/\/vocesdebaires.com.ar\/index.php\/wp-json\/wp\/v2\/comments?post=39884"}],"version-history":[{"count":1,"href":"https:\/\/vocesdebaires.com.ar\/index.php\/wp-json\/wp\/v2\/posts\/39884\/revisions"}],"predecessor-version":[{"id":39886,"href":"https:\/\/vocesdebaires.com.ar\/index.php\/wp-json\/wp\/v2\/posts\/39884\/revisions\/39886"}],"wp:featuredmedia":[{"embeddable":true,"href":"https:\/\/vocesdebaires.com.ar\/index.php\/wp-json\/wp\/v2\/media\/39885"}],"wp:attachment":[{"href":"https:\/\/vocesdebaires.com.ar\/index.php\/wp-json\/wp\/v2\/media?parent=39884"}],"wp:term":[{"taxonomy":"category","embeddable":true,"href":"https:\/\/vocesdebaires.com.ar\/index.php\/wp-json\/wp\/v2\/categories?post=39884"},{"taxonomy":"post_tag","embeddable":true,"href":"https:\/\/vocesdebaires.com.ar\/index.php\/wp-json\/wp\/v2\/tags?post=39884"}],"curies":[{"name":"wp","href":"https:\/\/api.w.org\/{rel}","templated":true}]}}