{"id":39891,"date":"2022-08-17T01:11:22","date_gmt":"2022-08-17T04:11:22","guid":{"rendered":"https:\/\/vocesdebaires.com.ar\/?p=39891"},"modified":"2022-08-17T01:11:48","modified_gmt":"2022-08-17T04:11:48","slug":"legislaturacultura-pena-portena-clase-de-baile-y-concierto","status":"publish","type":"post","link":"https:\/\/vocesdebaires.com.ar\/index.php\/2022\/08\/17\/legislaturacultura-pena-portena-clase-de-baile-y-concierto\/","title":{"rendered":"Legislatura:Cultura Pe\u00f1a Porte\u00f1a clase de baile y Concierto"},"content":{"rendered":"<p>El viernes 19 de agosto a las 18 horas en el Sal\u00f3n San Mart\u00edn del Palacio Legislativo, Per\u00fa 160, tendr\u00e1 lugar una nueva pe\u00f1a Porte\u00f1a como parte de Ciclo de M\u00fasica 2022.<br \/>\nLa actividad, organizada por la Direcci\u00f3n General de Asuntos Culturales y Patrimoniales de la Legislatura, tendr\u00e1 entrada libre y gratuita con aforo limitado, cubierto por orden de llegada.<br \/>\nEn esta oportunidad el inicio ser\u00e1 con una clase de danza folcl\u00f3rica abierta al p\u00fablico a cargo de Mirta Godoy y Hugo Figueroa. Legislatura Pe\u00f1a Porte\u00f1a clase de baile y Concierto ego, el grupo CORRENTADA brindar\u00e1 un concierto para el cierre. Adem\u00e1s, el encuentro contar\u00e1 con la participaci\u00f3n del conjunto de Danzas Sentimiento Criollo de Viviana Oses y Dar\u00edo Orenczuk.<\/p>\n<p><strong>Clase de baile \/ Aprendiendo folclore con alegr\u00eda<\/strong><br \/>\nMirta Godoy cantante de tango y folklore comenz\u00f3 su carrera hace 18 a\u00f1os llevando su arte a varias provincias de la Agentina y tambi\u00e9n a Latinoam\u00e9rica. Por 4 a\u00f1os fue la directora del Patio de Tango en Medell\u00edn, Colombia. Autodidacta en la danza de tango y folklore. Su licenciatura en Psicopedagog\u00eda y su excelente did\u00e1ctica hacen que ense\u00f1e danzas de la forma m\u00e1s simple y comprensible para las personas. Junto con su pareja, HUGO FIGUEROA, bailar\u00edn profesional de tango y folklore (ballet de Los Santos Amores), realizan una clase amena para que todos disfruten el aprender a bailar.<\/p>\n<p><strong>Concierto \/ Correntada<\/strong><br \/>\nCorrentada es un grupo de m\u00fasica de ra\u00edz folcl\u00f3rica que mixtura la m\u00fasica tradicional con otros ritmos populares y arreglos distintivos urbanos, plasmados en obras de autor\u00eda propia y temas del cancionero popular. A lo largo de su carrera lleva editados tres \u00e1lbumes (Festejo -2008-, Paisaje adentro -2011- y Posta -2015-) y tres simples. El grupo se ha presentado en diversos festivales nacionales y provinciales como el Festival nacional del ternero (Ayacucho, Buenos Aires) y el Festival provincial de folklore (Choele Choel, R\u00edo Negro), entre otros; adem\u00e1s actu\u00f3 en escenarios emblem\u00e1ticos del folclore como el de la \u201cFiesta de la abuela\u201d.<\/p>\n<p>(La Banda, Santiago del Estero), en el tradicional \u201cPatio del indio Froil\u00e1n\u201d (Huaico Hondo) y en el circuito de pe\u00f1as de Cosqu\u00edn, as\u00ed como en el hist\u00f3rico teatro Presidente Alvear, teatro Sha, Casa del Bicentenario, Cabildo de Buenos Aires y en espacios del circuito alternativos como el Teatro de Flores y Vorterix (CABA). En estos quince a\u00f1os, Correntada comparti\u00f3 escenario, entre otros, con Raly Barrionuevo, Bruno Arias, Arbolito, Claudio Sosa, Los Carabajal, Dancing Mood, Jos\u00e9 Luis Aguirre y Ramiro Gonz\u00e1lez.<\/p>\n","protected":false},"excerpt":{"rendered":"<p>El viernes 19 de agosto a las 18 horas en el Sal\u00f3n San Mart\u00edn del Palacio Legislativo, Per\u00fa 160, tendr\u00e1 lugar una nueva pe\u00f1a Porte\u00f1a como parte de Ciclo de M\u00fasica 2022. La actividad, organizada por la Direcci\u00f3n General de Asuntos Culturales y Patrimoniales de la Legislatura, tendr\u00e1 entrada libre y gratuita con aforo limitado, [&hellip;]<\/p>\n","protected":false},"author":2,"featured_media":39893,"comment_status":"open","ping_status":"open","sticky":false,"template":"","format":"standard","meta":{"_et_pb_use_builder":"","_et_pb_old_content":"","_et_gb_content_width":"","footnotes":""},"categories":[11,33],"tags":[],"class_list":["post-39891","post","type-post","status-publish","format-standard","has-post-thumbnail","hentry","category-ciudad","category-sociedad-y-cultura-2"],"_links":{"self":[{"href":"https:\/\/vocesdebaires.com.ar\/index.php\/wp-json\/wp\/v2\/posts\/39891"}],"collection":[{"href":"https:\/\/vocesdebaires.com.ar\/index.php\/wp-json\/wp\/v2\/posts"}],"about":[{"href":"https:\/\/vocesdebaires.com.ar\/index.php\/wp-json\/wp\/v2\/types\/post"}],"author":[{"embeddable":true,"href":"https:\/\/vocesdebaires.com.ar\/index.php\/wp-json\/wp\/v2\/users\/2"}],"replies":[{"embeddable":true,"href":"https:\/\/vocesdebaires.com.ar\/index.php\/wp-json\/wp\/v2\/comments?post=39891"}],"version-history":[{"count":1,"href":"https:\/\/vocesdebaires.com.ar\/index.php\/wp-json\/wp\/v2\/posts\/39891\/revisions"}],"predecessor-version":[{"id":39894,"href":"https:\/\/vocesdebaires.com.ar\/index.php\/wp-json\/wp\/v2\/posts\/39891\/revisions\/39894"}],"wp:featuredmedia":[{"embeddable":true,"href":"https:\/\/vocesdebaires.com.ar\/index.php\/wp-json\/wp\/v2\/media\/39893"}],"wp:attachment":[{"href":"https:\/\/vocesdebaires.com.ar\/index.php\/wp-json\/wp\/v2\/media?parent=39891"}],"wp:term":[{"taxonomy":"category","embeddable":true,"href":"https:\/\/vocesdebaires.com.ar\/index.php\/wp-json\/wp\/v2\/categories?post=39891"},{"taxonomy":"post_tag","embeddable":true,"href":"https:\/\/vocesdebaires.com.ar\/index.php\/wp-json\/wp\/v2\/tags?post=39891"}],"curies":[{"name":"wp","href":"https:\/\/api.w.org\/{rel}","templated":true}]}}