{"id":39902,"date":"2022-08-18T00:06:41","date_gmt":"2022-08-18T03:06:41","guid":{"rendered":"https:\/\/vocesdebaires.com.ar\/?p=39902"},"modified":"2022-08-18T00:06:41","modified_gmt":"2022-08-18T03:06:41","slug":"hospital-alvarez-rodriguez-larreta-inauguro-el-tomografo","status":"publish","type":"post","link":"https:\/\/vocesdebaires.com.ar\/index.php\/2022\/08\/18\/hospital-alvarez-rodriguez-larreta-inauguro-el-tomografo\/","title":{"rendered":"Hospital \u00c1lvarez: Rodr\u00edguez Larreta inaugur\u00f3 el tom\u00f3grafo"},"content":{"rendered":"<p>El jefe de Gobierno porte\u00f1o, Horacio Rodr\u00edguez Larreta, se inaugura el pasado jueves el nuevo tom\u00f3grafo helicoidal del Hospital General de Agudos \u201cDr. Teodoro \u00c1lvarez\u201d, en Flores. Estuvo acompa\u00f1ado por el jefe de Gabinete, Felipe Miguel; el ministro de Salud, Fern\u00e1n Quir\u00f3s; la subsecretaria de Atenci\u00f3n Hospitalaria, Laura Cordero; y el director del Hospital \u00c1lvarez, Mario Madaffere. El nuevo tom\u00f3grafo de \u00faltima generaci\u00f3n es de la marca Siemens y ser\u00e1 operado por m\u00e9dicos y t\u00e9cnicos especialistas. Su puesta en funcionamiento significa la creaci\u00f3n de 25 nuevos puestos de trabajo en el centro de salud. La Ciudad incorpora de manera permanente nueva tecnolog\u00eda con el objetivo de garantizar una atenci\u00f3n p\u00fablica, gratuita y de calidad. Ahora, ya 12 de los 14 hospitales generales de agudos del Sistema de Salud porte\u00f1o cuentan con tom\u00f3grafos computados para agilizar el diagn\u00f3stico y tratamiento de los vecinos.<\/p>\n","protected":false},"excerpt":{"rendered":"<p>El jefe de Gobierno porte\u00f1o, Horacio Rodr\u00edguez Larreta, se inaugura el pasado jueves el nuevo tom\u00f3grafo helicoidal del Hospital General de Agudos \u201cDr. Teodoro \u00c1lvarez\u201d, en Flores. Estuvo acompa\u00f1ado por el jefe de Gabinete, Felipe Miguel; el ministro de Salud, Fern\u00e1n Quir\u00f3s; la subsecretaria de Atenci\u00f3n Hospitalaria, Laura Cordero; y el director del Hospital \u00c1lvarez, [&hellip;]<\/p>\n","protected":false},"author":2,"featured_media":39903,"comment_status":"open","ping_status":"open","sticky":false,"template":"","format":"standard","meta":{"_et_pb_use_builder":"","_et_pb_old_content":"","_et_gb_content_width":"","footnotes":""},"categories":[11,33],"tags":[],"class_list":["post-39902","post","type-post","status-publish","format-standard","has-post-thumbnail","hentry","category-ciudad","category-sociedad-y-cultura-2"],"_links":{"self":[{"href":"https:\/\/vocesdebaires.com.ar\/index.php\/wp-json\/wp\/v2\/posts\/39902"}],"collection":[{"href":"https:\/\/vocesdebaires.com.ar\/index.php\/wp-json\/wp\/v2\/posts"}],"about":[{"href":"https:\/\/vocesdebaires.com.ar\/index.php\/wp-json\/wp\/v2\/types\/post"}],"author":[{"embeddable":true,"href":"https:\/\/vocesdebaires.com.ar\/index.php\/wp-json\/wp\/v2\/users\/2"}],"replies":[{"embeddable":true,"href":"https:\/\/vocesdebaires.com.ar\/index.php\/wp-json\/wp\/v2\/comments?post=39902"}],"version-history":[{"count":1,"href":"https:\/\/vocesdebaires.com.ar\/index.php\/wp-json\/wp\/v2\/posts\/39902\/revisions"}],"predecessor-version":[{"id":39904,"href":"https:\/\/vocesdebaires.com.ar\/index.php\/wp-json\/wp\/v2\/posts\/39902\/revisions\/39904"}],"wp:featuredmedia":[{"embeddable":true,"href":"https:\/\/vocesdebaires.com.ar\/index.php\/wp-json\/wp\/v2\/media\/39903"}],"wp:attachment":[{"href":"https:\/\/vocesdebaires.com.ar\/index.php\/wp-json\/wp\/v2\/media?parent=39902"}],"wp:term":[{"taxonomy":"category","embeddable":true,"href":"https:\/\/vocesdebaires.com.ar\/index.php\/wp-json\/wp\/v2\/categories?post=39902"},{"taxonomy":"post_tag","embeddable":true,"href":"https:\/\/vocesdebaires.com.ar\/index.php\/wp-json\/wp\/v2\/tags?post=39902"}],"curies":[{"name":"wp","href":"https:\/\/api.w.org\/{rel}","templated":true}]}}