{"id":39905,"date":"2022-08-18T00:09:27","date_gmt":"2022-08-18T03:09:27","guid":{"rendered":"https:\/\/vocesdebaires.com.ar\/?p=39905"},"modified":"2022-08-18T00:09:27","modified_gmt":"2022-08-18T03:09:27","slug":"la-legislatura-declaro-huesped-de-honor-a-sergio-diaz-granados","status":"publish","type":"post","link":"https:\/\/vocesdebaires.com.ar\/index.php\/2022\/08\/18\/la-legislatura-declaro-huesped-de-honor-a-sergio-diaz-granados\/","title":{"rendered":"La Legislatura declar\u00f3 Hu\u00e9sped de Honor a Sergio D\u00edaz-Granados"},"content":{"rendered":"<p>La Legislatura de la Ciudad declar\u00f3 Hu\u00e9sped de Honor al presidente ejecutivo del CAF &#8211; Banco de Desarrollo de Am\u00e9rica Latina, Dr. Sergio D\u00edaz-Granados. El acto se desarroll\u00f3 ayer por la tarde en el Sal\u00f3n Eva Per\u00f3n y cont\u00f3 con la presencia del vicepresidente 1\u00b0 legislador Emmanuel Ferrario, el secretario general de Relaciones Internacionales del Gobierno de la Ciudad Aut\u00f3noma de Buenos Aires (GCBA), Fernando Straface; el legislador y autor del proyecto Facundo Del Gaiso (VJ); el subsecretario de RRII, Francisco Resnicoff; el vicepresidente corporativo de Programaci\u00f3n Estrat\u00e9gica del CAF, Christian Gonzalo Asinelli; la directora general de RRIIyC del GCBA Carolina Cuenca; el subsecretario y la directora general de RRIIyC Pablo Garzonio y Ornela Vanzillotta, respectivamente.<\/p>\n<p>Ferrario en la bienvenida a Granados, subray\u00f3 que es un honor recibirlos \u201cen la casa de todos los porte\u00f1os y porte\u00f1as\u201d y que la distinci\u00f3n es un reconocimiento a aquellos que generan un impacto en la ciudad. \u201cDesde la ciudad generamos un v\u00ednculo robusto y sostenido, respetando la agenda del desarrollo. Deseamos que la celebraci\u00f3n de este tipo de instancias, sea la primera de muchas\u201d. Luego, Straface destac\u00f3 el compromiso que tiene CAF con el desarrollo de la regi\u00f3n y con el cambio de clim\u00e1tico. \u201cTenemos muchas expectativas de lo que podamos trabajar de aqu\u00ed en adelante\u201d, enfatiz\u00f3.<\/p>\n<p>Por su parte, el legislador Del Gaiso record\u00f3 c\u00f3mo conoci\u00f3 la CAF gracias a Asinelli y agreg\u00f3: \u201cApostar a esos v\u00ednculos personales casi artesanales desde la pol\u00edtica, es fundamental\u201d.<br \/>\nFinalmente, D\u00edaz-Granados refiri\u00f3 a sus v\u00ednculos pasados con Argentina y coment\u00f3 que la distinci\u00f3n es \u201cun honor\u201d tanto para \u00e9l como para su familia. \u201cHay una relaci\u00f3n de confianza mutua con el pa\u00eds. En el caso particular de la ciudad, queremos seguir trabajando con la Legislatura y con el Ejecutivo en nuevos proyectos y nuevos financiamientos\u201d, a\u00f1adi\u00f3. Adem\u00e1s, adelant\u00f3 el patrocinio a la cumbre C40 donde llevar\u00e1n \u201cun mensaje latinoamericano\u201d.<\/p>\n","protected":false},"excerpt":{"rendered":"<p>La Legislatura de la Ciudad declar\u00f3 Hu\u00e9sped de Honor al presidente ejecutivo del CAF &#8211; Banco de Desarrollo de Am\u00e9rica Latina, Dr. Sergio D\u00edaz-Granados. El acto se desarroll\u00f3 ayer por la tarde en el Sal\u00f3n Eva Per\u00f3n y cont\u00f3 con la presencia del vicepresidente 1\u00b0 legislador Emmanuel Ferrario, el secretario general de Relaciones Internacionales del [&hellip;]<\/p>\n","protected":false},"author":2,"featured_media":39906,"comment_status":"open","ping_status":"open","sticky":false,"template":"","format":"standard","meta":{"_et_pb_use_builder":"","_et_pb_old_content":"","_et_gb_content_width":"","footnotes":""},"categories":[11,33],"tags":[],"class_list":["post-39905","post","type-post","status-publish","format-standard","has-post-thumbnail","hentry","category-ciudad","category-sociedad-y-cultura-2"],"_links":{"self":[{"href":"https:\/\/vocesdebaires.com.ar\/index.php\/wp-json\/wp\/v2\/posts\/39905"}],"collection":[{"href":"https:\/\/vocesdebaires.com.ar\/index.php\/wp-json\/wp\/v2\/posts"}],"about":[{"href":"https:\/\/vocesdebaires.com.ar\/index.php\/wp-json\/wp\/v2\/types\/post"}],"author":[{"embeddable":true,"href":"https:\/\/vocesdebaires.com.ar\/index.php\/wp-json\/wp\/v2\/users\/2"}],"replies":[{"embeddable":true,"href":"https:\/\/vocesdebaires.com.ar\/index.php\/wp-json\/wp\/v2\/comments?post=39905"}],"version-history":[{"count":1,"href":"https:\/\/vocesdebaires.com.ar\/index.php\/wp-json\/wp\/v2\/posts\/39905\/revisions"}],"predecessor-version":[{"id":39907,"href":"https:\/\/vocesdebaires.com.ar\/index.php\/wp-json\/wp\/v2\/posts\/39905\/revisions\/39907"}],"wp:featuredmedia":[{"embeddable":true,"href":"https:\/\/vocesdebaires.com.ar\/index.php\/wp-json\/wp\/v2\/media\/39906"}],"wp:attachment":[{"href":"https:\/\/vocesdebaires.com.ar\/index.php\/wp-json\/wp\/v2\/media?parent=39905"}],"wp:term":[{"taxonomy":"category","embeddable":true,"href":"https:\/\/vocesdebaires.com.ar\/index.php\/wp-json\/wp\/v2\/categories?post=39905"},{"taxonomy":"post_tag","embeddable":true,"href":"https:\/\/vocesdebaires.com.ar\/index.php\/wp-json\/wp\/v2\/tags?post=39905"}],"curies":[{"name":"wp","href":"https:\/\/api.w.org\/{rel}","templated":true}]}}