{"id":39928,"date":"2022-08-19T00:34:26","date_gmt":"2022-08-19T03:34:26","guid":{"rendered":"https:\/\/vocesdebaires.com.ar\/?p=39928"},"modified":"2022-08-19T00:34:26","modified_gmt":"2022-08-19T03:34:26","slug":"saludhoy-es-el-dia-mundial-de-la-asistencia-humanitaria","status":"publish","type":"post","link":"https:\/\/vocesdebaires.com.ar\/index.php\/2022\/08\/19\/saludhoy-es-el-dia-mundial-de-la-asistencia-humanitaria\/","title":{"rendered":"Salud:Hoy es el D\u00eda Mundial de la Asistencia Humanitaria"},"content":{"rendered":"<p>Cada a\u00f1o, este d\u00eda internacional se centra en abogar por la supervivencia, el bienestar y la dignidad de las personas afectadas por las crisis y por la seguridad de los trabajadores humanitarios. Compartimos una columna escrita por el Sof\u00eda Pi\u00f1eiro, enfermera de M\u00e9dicos sin Fronteras y graduada de la Carrera de Lic. en Enfermer\u00eda de la Facultad de Ciencias Biom\u00e9dicas de la Universidad Austral, .Existen trabajos que nos motivan a dar siempre m\u00e1s. Cualquiera sea la profesi\u00f3n, cuando hay vocaci\u00f3n, hay impulso.<\/p>\n<p>El \u00e1mbito de la salud suele ser un lugar donde muy a menudo, sino siempre, se encuentran la profesi\u00f3n con la vocaci\u00f3n. Y la asistencia m\u00e9dico-humanitaria es en su mayor expresi\u00f3n, este encuentro. A diario estos trabajadores sobrepasan los propios desaf\u00edos de la profesi\u00f3n, para brindar su ayuda a poblaciones en situaciones precarias sea por la causa que sea, desde v\u00edctimas de cat\u00e1strofes naturales, hambrunas, refugiados o v\u00edctimas de conflictos armados.<\/p>\n<p>La manera de brindar esta asistencia tiene m\u00faltiples formas. Puede ser montar un consultorio de bamb\u00fa en un campo de refugiados para que las personas tengan acceso a un tratamiento m\u00e9dico simple, equipar servicios y formar equipos en hospitales, para brindar tratamiento a pacientes m\u00e1s complejos como los de una neonatolog\u00eda, o hasta coordinar la distribuci\u00f3n de comida y elementos b\u00e1sicos de supervivencia, para aquellos que lo perdieron todo por la raz\u00f3n que sea. Distintas latitudes en las que, as\u00ed como yo desde la enfermer\u00eda, otros tantos profesionales trabajan bajo la adrenalina de la emergencia y abrazan, a la vez, lo humanitario del encuentro con personas.<\/p>\n<p>La enfermer\u00eda, dentro de estos profesionales, es la combinaci\u00f3n justa entre la ciencia y la cercan\u00eda con el paciente. Y en mi caso, a lo largo de cada d\u00eda y cada a\u00f1o de estudio y pr\u00e1cticas, y durante todo el tiempo de ejercicio como enfermera en un Servicio de Emergencias, confirmaron mi vocaci\u00f3n en esta carrera. Pero tambi\u00e9n despertaron la curiosidad de conocer c\u00f3mo era la asistencia humanitaria en el mundo.<\/p>\n<p>Esta uni\u00f3n de adrenalina durante la emergencia y la humanidad del encuentro con una persona que \u201cnecesita ayuda\u201d, para muchos profesionales de la salud, es un impulso que nos lleva a querer conocer cu\u00e1l es nuestro lugar en la asistencia humanitaria. En la Argentina no hace falta buscar mucho para encontrar las grandes necesidades por las que pasan muchas personas: existen voluntariados de enfermer\u00eda en el interior del pa\u00eds centrados en la atenci\u00f3n de salud de ni\u00f1os con desnutrici\u00f3n, en controles prenatalesy tambi\u00e9n en hospitales en campa\u00f1as de cirug\u00eda, para brindar acceso a esta especialidad.<\/p>\n<p>\u00bfY en el mundo? Para la enfermer\u00eda, definitivamente, no existen l\u00edmites. Es una profesi\u00f3n que dentro de la ayuda humanitaria internacional cumple un rol absolutamente clave en todos los tipos de intervenci\u00f3n que se llevan a cabo: desde la campa\u00f1a de vacunaci\u00f3n, la atenci\u00f3n de v\u00edctimas m\u00faltiples en zonas de conflicto armado como enfermeros de emergencias, hasta la gesti\u00f3n de toda la actividad m\u00e9dica de un proyecto como coordinadores generales. A nivel internacional los enfermemos somos reconocidos y valorados por nuestra profesi\u00f3n, no solo en el cuidado directo del paciente, sino tambi\u00e9n en las habilidades de coordinaci\u00f3n y gesti\u00f3n, gracias a que contamos con una visi\u00f3n integral de las actividades y con herramientas de gesti\u00f3n de los distintos servicios.<\/p>\n<p>No importa el lugar o el rol que se ocupe en el \u00e1mbito de la asistencia humanitaria, estar frente personas con necesidades tan grandes nos lleva a tolerar las dif\u00edciles condiciones de vida que tenemos a diario. Uno se puede encontrar en zonas de conflicto, en los que la comida es distinta, lugares para dormir no siempre amables y, sin duda, largas horas de trabajo, pero todo esto no tiene importancia siempre y cuando la tarea valga la pena. Las necesidades de uno mismo pasan a estar en un segundo nivel, porque lo primero -y principal- fue, son y ser\u00e1n siempre los pacientes.<\/p>\n<p>Cr\u00e9dito: foto Por Sof\u00eda Pi\u00f1eiro<\/p>\n","protected":false},"excerpt":{"rendered":"<p>Cada a\u00f1o, este d\u00eda internacional se centra en abogar por la supervivencia, el bienestar y la dignidad de las personas afectadas por las crisis y por la seguridad de los trabajadores humanitarios. Compartimos una columna escrita por el Sof\u00eda Pi\u00f1eiro, enfermera de M\u00e9dicos sin Fronteras y graduada de la Carrera de Lic. en Enfermer\u00eda de [&hellip;]<\/p>\n","protected":false},"author":2,"featured_media":39929,"comment_status":"open","ping_status":"open","sticky":false,"template":"","format":"standard","meta":{"_et_pb_use_builder":"","_et_pb_old_content":"","_et_gb_content_width":"","footnotes":""},"categories":[11,33],"tags":[],"class_list":["post-39928","post","type-post","status-publish","format-standard","has-post-thumbnail","hentry","category-ciudad","category-sociedad-y-cultura-2"],"_links":{"self":[{"href":"https:\/\/vocesdebaires.com.ar\/index.php\/wp-json\/wp\/v2\/posts\/39928"}],"collection":[{"href":"https:\/\/vocesdebaires.com.ar\/index.php\/wp-json\/wp\/v2\/posts"}],"about":[{"href":"https:\/\/vocesdebaires.com.ar\/index.php\/wp-json\/wp\/v2\/types\/post"}],"author":[{"embeddable":true,"href":"https:\/\/vocesdebaires.com.ar\/index.php\/wp-json\/wp\/v2\/users\/2"}],"replies":[{"embeddable":true,"href":"https:\/\/vocesdebaires.com.ar\/index.php\/wp-json\/wp\/v2\/comments?post=39928"}],"version-history":[{"count":1,"href":"https:\/\/vocesdebaires.com.ar\/index.php\/wp-json\/wp\/v2\/posts\/39928\/revisions"}],"predecessor-version":[{"id":39930,"href":"https:\/\/vocesdebaires.com.ar\/index.php\/wp-json\/wp\/v2\/posts\/39928\/revisions\/39930"}],"wp:featuredmedia":[{"embeddable":true,"href":"https:\/\/vocesdebaires.com.ar\/index.php\/wp-json\/wp\/v2\/media\/39929"}],"wp:attachment":[{"href":"https:\/\/vocesdebaires.com.ar\/index.php\/wp-json\/wp\/v2\/media?parent=39928"}],"wp:term":[{"taxonomy":"category","embeddable":true,"href":"https:\/\/vocesdebaires.com.ar\/index.php\/wp-json\/wp\/v2\/categories?post=39928"},{"taxonomy":"post_tag","embeddable":true,"href":"https:\/\/vocesdebaires.com.ar\/index.php\/wp-json\/wp\/v2\/tags?post=39928"}],"curies":[{"name":"wp","href":"https:\/\/api.w.org\/{rel}","templated":true}]}}