{"id":39943,"date":"2022-08-22T00:00:34","date_gmt":"2022-08-22T03:00:34","guid":{"rendered":"https:\/\/vocesdebaires.com.ar\/?p=39943"},"modified":"2022-08-21T20:09:49","modified_gmt":"2022-08-21T23:09:49","slug":"ciudadprograma-de-capacitacion-y-formacion-a-entidades-deportivas","status":"publish","type":"post","link":"https:\/\/vocesdebaires.com.ar\/index.php\/2022\/08\/22\/ciudadprograma-de-capacitacion-y-formacion-a-entidades-deportivas\/","title":{"rendered":"Ciudad:Programa de Capacitaci\u00f3n y Formaci\u00f3n a Entidades Deportivas"},"content":{"rendered":"<p>A partir de la observaci\u00f3n de la realidad emergente de los clubes de barrio y organizaciones deportivas, la Secretar\u00eda de Deportes de la Ciudad de Buenos Aires, a trav\u00e9s de la Direcci\u00f3n General de Deporte Social y Desarrollo Deportivo, promueve un plan de capacitaci\u00f3n integral, con el fin que los actores involucrados puedan brindar un mejor servicio a los usuarios y usuarias que acuden a dichas instituciones. Por esta raz\u00f3n, ya se encuentra abierta la inscripci\u00f3n al Programa de Capacitaci\u00f3n y Formaci\u00f3n a Entidades Deportivas para todas aquellas personas interesadas en formarse en diversas \u00e1reas de la gesti\u00f3n institucional de clubes barriales y organizaciones afines al deporte. Para poder anotarse hay un link de inscripci\u00f3n en el que se podr\u00e1 seleccionar la Comuna correspondiente a cada persona interesada en recibir la capacitaci\u00f3n. Cabe destacar que los m\u00f3dulos a abordar son cuatro: Actividad dirigencial; Organizaci\u00f3n del entrenamiento, cuidados preventivos de salud y primeros auxilios; Prevenci\u00f3n de violencia en el deporte; y G\u00e9nero y violencia de g\u00e9nero.<\/p>\n<p><strong>A qui\u00e9nes est\u00e1 dirigido el Programa<\/strong><br \/>\nA integrantes de comisiones directivas, profesores y profesoras, talleristas, colaboradores y colaboradoras, y al p\u00fablico en general que desee participar.<\/p>\n<p><strong>Certificaci\u00f3n:<\/strong><br \/>\nSe certificar\u00e1 la participaci\u00f3n a las instituciones que hayan cursado los cuatro m\u00f3dulos.<\/p>\n<p><strong>Temas de los m\u00f3dulos a tratar:<\/strong><\/p>\n<p>Actividad dirigencial:<br \/>\nMarketing deportivo.<br \/>\nGesti\u00f3n deportiva.<br \/>\nGesti\u00f3n econ\u00f3mica y financiera de entidades deportivas.<\/p>\n<p><strong>Organizaci\u00f3n del entrenamiento, cuidados preventivos de salud y primeros auxilios:<\/strong><br \/>\nEl rol del entrenador como l\u00edder.<br \/>\nLa planificaci\u00f3n deportiva.<br \/>\nMetodolog\u00eda y desarrollo de una clase dirigida.<br \/>\nRCP y primeros auxilios b\u00e1sicos.<br \/>\nCuidados de salud.<\/p>\n<p><strong>Prevenci\u00f3n de violencia en el deporte:<\/strong><br \/>\nSistema integral de protecci\u00f3n de derechos de ni\u00f1os, ni\u00f1as y adolescentes.<br \/>\nViolencia en el \u00e1mbito deportivo.<br \/>\nFamilia y deporte.<\/p>\n<p><strong>G\u00e9nero y violencia de g\u00e9nero:<\/strong><br \/>\nDiversidad sexual.<br \/>\nViolencia de g\u00e9nero.<br \/>\nAnte cualquier duda o consulta comunicarse al siguiente mail: capacitacionesdeportesba@gmail.com<\/p>\n","protected":false},"excerpt":{"rendered":"<p>A partir de la observaci\u00f3n de la realidad emergente de los clubes de barrio y organizaciones deportivas, la Secretar\u00eda de Deportes de la Ciudad de Buenos Aires, a trav\u00e9s de la Direcci\u00f3n General de Deporte Social y Desarrollo Deportivo, promueve un plan de capacitaci\u00f3n integral, con el fin que los actores involucrados puedan brindar un [&hellip;]<\/p>\n","protected":false},"author":3,"featured_media":39946,"comment_status":"open","ping_status":"open","sticky":false,"template":"","format":"standard","meta":{"_et_pb_use_builder":"","_et_pb_old_content":"","_et_gb_content_width":"","footnotes":""},"categories":[11,33],"tags":[],"class_list":["post-39943","post","type-post","status-publish","format-standard","has-post-thumbnail","hentry","category-ciudad","category-sociedad-y-cultura-2"],"_links":{"self":[{"href":"https:\/\/vocesdebaires.com.ar\/index.php\/wp-json\/wp\/v2\/posts\/39943"}],"collection":[{"href":"https:\/\/vocesdebaires.com.ar\/index.php\/wp-json\/wp\/v2\/posts"}],"about":[{"href":"https:\/\/vocesdebaires.com.ar\/index.php\/wp-json\/wp\/v2\/types\/post"}],"author":[{"embeddable":true,"href":"https:\/\/vocesdebaires.com.ar\/index.php\/wp-json\/wp\/v2\/users\/3"}],"replies":[{"embeddable":true,"href":"https:\/\/vocesdebaires.com.ar\/index.php\/wp-json\/wp\/v2\/comments?post=39943"}],"version-history":[{"count":1,"href":"https:\/\/vocesdebaires.com.ar\/index.php\/wp-json\/wp\/v2\/posts\/39943\/revisions"}],"predecessor-version":[{"id":39945,"href":"https:\/\/vocesdebaires.com.ar\/index.php\/wp-json\/wp\/v2\/posts\/39943\/revisions\/39945"}],"wp:featuredmedia":[{"embeddable":true,"href":"https:\/\/vocesdebaires.com.ar\/index.php\/wp-json\/wp\/v2\/media\/39946"}],"wp:attachment":[{"href":"https:\/\/vocesdebaires.com.ar\/index.php\/wp-json\/wp\/v2\/media?parent=39943"}],"wp:term":[{"taxonomy":"category","embeddable":true,"href":"https:\/\/vocesdebaires.com.ar\/index.php\/wp-json\/wp\/v2\/categories?post=39943"},{"taxonomy":"post_tag","embeddable":true,"href":"https:\/\/vocesdebaires.com.ar\/index.php\/wp-json\/wp\/v2\/tags?post=39943"}],"curies":[{"name":"wp","href":"https:\/\/api.w.org\/{rel}","templated":true}]}}