{"id":39947,"date":"2022-08-22T00:00:37","date_gmt":"2022-08-22T03:00:37","guid":{"rendered":"https:\/\/vocesdebaires.com.ar\/?p=39947"},"modified":"2022-08-21T20:14:13","modified_gmt":"2022-08-21T23:14:13","slug":"ciudad-celebro-la-media-maraton-de-ba-mas-de-20-000-participantes","status":"publish","type":"post","link":"https:\/\/vocesdebaires.com.ar\/index.php\/2022\/08\/22\/ciudad-celebro-la-media-maraton-de-ba-mas-de-20-000-participantes\/","title":{"rendered":"Ciudad celebr\u00f3 la Media Marat\u00f3n de BA m\u00e1s de 20.000 participantes"},"content":{"rendered":"<p>La Ciudad celebr\u00f3 ayer domingo 21 de agosto la Media Marat\u00f3n de Buenos Aires, competencia organizada por la Asociaci\u00f3n \u00d1and\u00fa que este a\u00f1o recuper\u00f3 el volumen que ten\u00eda antes de la pandemia, ya que se inscribieron 20.539 personas.De esta forma, la Media Marat\u00f3n de Buenos Aires se convirti\u00f3 en la m\u00e1s relevante y convocante de Latinoam\u00e9rica. La prueba volvi\u00f3 a tener la categor\u00eda de \u201cLabel Race\u201d en el calendario de la Federaci\u00f3n Internacional (World Athletics) e incluy\u00f3 el Campeonato Sudamericano y el Campeonato Argentino de medio marat\u00f3n con la presencia de los mayores corredores de la regi\u00f3n, al igual que atletas internacionales.<\/p>\n<p>El punto de largada fue en Avenida Figueroa Alcorta al 7000, entre Monroe y Juramento, desde las 7 horas. La Expo Marat\u00f3n se llev\u00f3 a cabo entre el jueves 18 y el s\u00e1bado 20 de agosto en Parque Sarmiento, donde los inscriptos pudieron retirar el kit -compuesto por la remera oficial del evento y el n\u00famero de identificaci\u00f3n del corredor. Para hacerlo, los corredores presentaron DNI, apto m\u00e9dico y voucher de inscripci\u00f3n. El \u00fanico requisito fue tener 18 a\u00f1os cumplidos el d\u00eda de la competencia.<\/p>\n<p><strong>Los ganadores:<\/strong><br \/>\nM\u00e1s all\u00e1 de todo el color de la gente y la gran diversidad de participantes, la prueba tuvo un gran nivel atl\u00e9tico. El ganador de los 21k fue el et\u00edope Gerba Beyata Dibaba con un tiempo de 1:29, quien lleg\u00f3 casi a la par de su compatriota Dinkalem Ayele Adane. El argentino Federico Bruno fue el mejor ubicado del pa\u00eds, termin\u00f3 en sexto lugar y se consagr\u00f3 subcampe\u00f3n sudamericano, delante de Ignacio Erario. En categor\u00eda mujeres, la argentina mejor ubicada fue Florencia Borelli, quien sali\u00f3 s\u00e9ptima, baj\u00f3 su marca personal e hizo el r\u00e9cord del circuito y \u200bdel continente. Entre las mujeres de elite, la keniata Irine Kimais fue la ganadora con 01h,07m,59s. Segunda sali\u00f3 la et\u00edope Atalel Dargie. Adem\u00e1s hubo 79 personas con discapacidad que hicieron la prueba, donde el mejor clasificado fue Oscar Biga Vidal, seguido de Alejandro Fern\u00e1ndez y Gabriel Sosa.<\/p>\n<p><strong>Los detalles de la Media Marat\u00f3n:<\/strong><br \/>\nLos corredores debieron presentarse a las 6 horas para poder acreditar que estuvieran debidamente inscriptos y el final de la prueba se determin\u00f3 a partir de las 3 horas del horario de largada.<br \/>\nCabe destacar que no fue obligatoria la presentaci\u00f3n del certificado de las vacunas y que todos aquellos que finalizaron el recorrido recibieron como premio la Medalla \u201cFinisher\u201d \u00d1and\u00fa.<\/p>\n","protected":false},"excerpt":{"rendered":"<p>La Ciudad celebr\u00f3 ayer domingo 21 de agosto la Media Marat\u00f3n de Buenos Aires, competencia organizada por la Asociaci\u00f3n \u00d1and\u00fa que este a\u00f1o recuper\u00f3 el volumen que ten\u00eda antes de la pandemia, ya que se inscribieron 20.539 personas.De esta forma, la Media Marat\u00f3n de Buenos Aires se convirti\u00f3 en la m\u00e1s relevante y convocante de [&hellip;]<\/p>\n","protected":false},"author":3,"featured_media":39948,"comment_status":"open","ping_status":"open","sticky":false,"template":"","format":"standard","meta":{"_et_pb_use_builder":"","_et_pb_old_content":"","_et_gb_content_width":"","footnotes":""},"categories":[11,33],"tags":[],"class_list":["post-39947","post","type-post","status-publish","format-standard","has-post-thumbnail","hentry","category-ciudad","category-sociedad-y-cultura-2"],"_links":{"self":[{"href":"https:\/\/vocesdebaires.com.ar\/index.php\/wp-json\/wp\/v2\/posts\/39947"}],"collection":[{"href":"https:\/\/vocesdebaires.com.ar\/index.php\/wp-json\/wp\/v2\/posts"}],"about":[{"href":"https:\/\/vocesdebaires.com.ar\/index.php\/wp-json\/wp\/v2\/types\/post"}],"author":[{"embeddable":true,"href":"https:\/\/vocesdebaires.com.ar\/index.php\/wp-json\/wp\/v2\/users\/3"}],"replies":[{"embeddable":true,"href":"https:\/\/vocesdebaires.com.ar\/index.php\/wp-json\/wp\/v2\/comments?post=39947"}],"version-history":[{"count":1,"href":"https:\/\/vocesdebaires.com.ar\/index.php\/wp-json\/wp\/v2\/posts\/39947\/revisions"}],"predecessor-version":[{"id":39949,"href":"https:\/\/vocesdebaires.com.ar\/index.php\/wp-json\/wp\/v2\/posts\/39947\/revisions\/39949"}],"wp:featuredmedia":[{"embeddable":true,"href":"https:\/\/vocesdebaires.com.ar\/index.php\/wp-json\/wp\/v2\/media\/39948"}],"wp:attachment":[{"href":"https:\/\/vocesdebaires.com.ar\/index.php\/wp-json\/wp\/v2\/media?parent=39947"}],"wp:term":[{"taxonomy":"category","embeddable":true,"href":"https:\/\/vocesdebaires.com.ar\/index.php\/wp-json\/wp\/v2\/categories?post=39947"},{"taxonomy":"post_tag","embeddable":true,"href":"https:\/\/vocesdebaires.com.ar\/index.php\/wp-json\/wp\/v2\/tags?post=39947"}],"curies":[{"name":"wp","href":"https:\/\/api.w.org\/{rel}","templated":true}]}}