{"id":39951,"date":"2022-08-22T00:00:18","date_gmt":"2022-08-22T03:00:18","guid":{"rendered":"https:\/\/vocesdebaires.com.ar\/?p=39951"},"modified":"2022-08-21T20:20:29","modified_gmt":"2022-08-21T23:20:29","slug":"ciudad-cuenta-con-un-regimen-especial-de-practicas-de-formacion-para-el-empleo","status":"publish","type":"post","link":"https:\/\/vocesdebaires.com.ar\/index.php\/2022\/08\/22\/ciudad-cuenta-con-un-regimen-especial-de-practicas-de-formacion-para-el-empleo\/","title":{"rendered":"Ciudad:Con un r\u00e9gimen especial de pr\u00e1cticas de formaci\u00f3n"},"content":{"rendered":"<p>Esta destinado a personas sin empleo, en situaci\u00f3n de vulnerabilidad laboral y\/o social, a trav\u00e9s del desarrollo de pr\u00e1cticas formativas en ambientes de trabajo, complementarias de procesos de fortalecimiento y tendientes a mejorar sus condiciones de empleabilidad. Quienes resulten practicantes y que, en los dos (2) a\u00f1os anteriores hayan tenido una relaci\u00f3n laboral bajo cualquier forma de contrataci\u00f3n con una Entidad Formadora, no podr\u00e1n realizar o tomar parte en pr\u00e1cticas que se realicen en empresas o establecimientos pertenecientes a la misma.<\/p>\n<p>Respecto a los practicantes que no hayan finalizado el ciclo de educaci\u00f3n formal obligatoria, la autoridad de aplicaci\u00f3n deber\u00e1 promover de forma articulada con otras \u00e1reas de gesti\u00f3n estatal, acciones tendientes a promover y sostener la continuidad educativa. Podr\u00e1n actuar como entidades formadoras aquellas entidades p\u00fablicas o privadas interesadas en participar de procesos formativos que posean establecimientos localizados en la Ciudad Aut\u00f3noma de Buenos Aires y cumplan con los siguientes requisitos:<\/p>\n<p>No haber efectuado despidos sin causa de su planta de trabajadores\/as en los seis (6) meses anteriores a la inclusi\u00f3n en el programa, en una cantidad que supere el quince por ciento (15%) de su n\u00f3mina. No sustituir trabajadores\/as de su planta por practicantes del presente R\u00e9gimen. No registrar incumplimientos a las obligaciones correspondientes a los aportes y contribuciones del Sistema \u00danico de la Seguridad Social del personal a su cargo, al mes inmediato anterior a su ingreso al R\u00e9gimen.<\/p>\n<p>Encontrarse inscriptos en el Registro de Empleadores de la Ciudad Aut\u00f3noma de Buenos Aires.Haber dado cumplimiento con las inserciones laborales comprometidas en procesos formativos previos. Los programas de capacitaci\u00f3n te\u00f3rico y pr\u00e1ctico de las pr\u00e1cticas formativas deber\u00e1n tender a incrementar las competencias, habilidades y destrezas de los practicantes y tendr\u00e1n una duraci\u00f3n m\u00e1xima de hasta 6 meses. Cada practicante recibir\u00e1 una suma dineraria mensual fija en concepto de asignaci\u00f3n est\u00edmulo. Dicho importe podr\u00e1 ser solventado por la Autoridad de Aplicaci\u00f3n y\/o la entidad formadora. Dicha asignaci\u00f3n en ning\u00fan caso tendr\u00e1 car\u00e1cter remunerativo.<\/p>\n","protected":false},"excerpt":{"rendered":"<p>Esta destinado a personas sin empleo, en situaci\u00f3n de vulnerabilidad laboral y\/o social, a trav\u00e9s del desarrollo de pr\u00e1cticas formativas en ambientes de trabajo, complementarias de procesos de fortalecimiento y tendientes a mejorar sus condiciones de empleabilidad. Quienes resulten practicantes y que, en los dos (2) a\u00f1os anteriores hayan tenido una relaci\u00f3n laboral bajo cualquier [&hellip;]<\/p>\n","protected":false},"author":2,"featured_media":39944,"comment_status":"open","ping_status":"open","sticky":false,"template":"","format":"standard","meta":{"_et_pb_use_builder":"","_et_pb_old_content":"","_et_gb_content_width":"","footnotes":""},"categories":[11,33],"tags":[],"class_list":["post-39951","post","type-post","status-publish","format-standard","has-post-thumbnail","hentry","category-ciudad","category-sociedad-y-cultura-2"],"_links":{"self":[{"href":"https:\/\/vocesdebaires.com.ar\/index.php\/wp-json\/wp\/v2\/posts\/39951"}],"collection":[{"href":"https:\/\/vocesdebaires.com.ar\/index.php\/wp-json\/wp\/v2\/posts"}],"about":[{"href":"https:\/\/vocesdebaires.com.ar\/index.php\/wp-json\/wp\/v2\/types\/post"}],"author":[{"embeddable":true,"href":"https:\/\/vocesdebaires.com.ar\/index.php\/wp-json\/wp\/v2\/users\/2"}],"replies":[{"embeddable":true,"href":"https:\/\/vocesdebaires.com.ar\/index.php\/wp-json\/wp\/v2\/comments?post=39951"}],"version-history":[{"count":4,"href":"https:\/\/vocesdebaires.com.ar\/index.php\/wp-json\/wp\/v2\/posts\/39951\/revisions"}],"predecessor-version":[{"id":39955,"href":"https:\/\/vocesdebaires.com.ar\/index.php\/wp-json\/wp\/v2\/posts\/39951\/revisions\/39955"}],"wp:featuredmedia":[{"embeddable":true,"href":"https:\/\/vocesdebaires.com.ar\/index.php\/wp-json\/wp\/v2\/media\/39944"}],"wp:attachment":[{"href":"https:\/\/vocesdebaires.com.ar\/index.php\/wp-json\/wp\/v2\/media?parent=39951"}],"wp:term":[{"taxonomy":"category","embeddable":true,"href":"https:\/\/vocesdebaires.com.ar\/index.php\/wp-json\/wp\/v2\/categories?post=39951"},{"taxonomy":"post_tag","embeddable":true,"href":"https:\/\/vocesdebaires.com.ar\/index.php\/wp-json\/wp\/v2\/tags?post=39951"}],"curies":[{"name":"wp","href":"https:\/\/api.w.org\/{rel}","templated":true}]}}