{"id":39960,"date":"2022-08-22T00:00:00","date_gmt":"2022-08-22T03:00:00","guid":{"rendered":"https:\/\/vocesdebaires.com.ar\/?p=39960"},"modified":"2022-08-21T20:28:45","modified_gmt":"2022-08-21T23:28:45","slug":"libro-sobre-maradona-es-de-interes-deportivo-y-para-la-comunicacion-social","status":"publish","type":"post","link":"https:\/\/vocesdebaires.com.ar\/index.php\/2022\/08\/22\/libro-sobre-maradona-es-de-interes-deportivo-y-para-la-comunicacion-social\/","title":{"rendered":"Libro sobre Maradona de Inter\u00e9s Deportivo y Comunicaci\u00f3n Social"},"content":{"rendered":"<p>Se declar\u00f3 de Inter\u00e9s Deportivo y para la Comunicaci\u00f3n Social al libro \u00abD10S es Argentinos, de La Paternal al mundo\u00bb del periodista Hern\u00e1n Russo Zyseskind. El acto se celebro en el Sal\u00f3n Montevideo y cont\u00f3 con la presencia de los legisladores del Frente de Todos Claudia Neira, impulsora de la iniciativa; Claudio Moressi, Claudio Ferre\u00f1o, el autor de la obra y el vicepresidente segundo de la Asociaci\u00f3n Atl\u00e9tica Argentinos Juniors, Javier Pederzoli. Adem\u00e1s, de ex futbolistas que compartieron plantel con Diego Armando Maradona como Rub\u00e9n Giaccobetti y Ricardo Pellerano.<\/p>\n<p>En el comienzo de las alocuciones, Neira resalt\u00f3 que la figura de Maradona est\u00e1 rodeada de misterios. Y agreg\u00f3: \u201clo que hizo Hern\u00e1n tiene que ver con darnos un poco de luz a una etapa que no es tan visible. Y nos permite asomarnos un tanto a la idea de c\u00f3mo surgi\u00f3 Diego en nuestra historia y nuestra vida de una forma tan definitiva\u201d. Tambi\u00e9n dijo: \u201cHay una idea de lo indescifrable de ese h\u00e9roe pagano que nos extasi\u00f3 con su juego, pero que nos interpel\u00f3 con sus acciones, sus pensamientos y su irreverencia pol\u00edtica\u201d.<\/p>\n<p>Luego, Zyseskind agradeci\u00f3 a la Legislatura por la declaraci\u00f3n y confes\u00f3 que su conexi\u00f3n maradoniana comenz\u00f3 en su infancia, cuando vio debutar al astro futbol\u00edstico. \u201cEscrib\u00ed este libro por aquellos a\u00f1os felices, por sus 116 goles, por las gambetas, los ca\u00f1os y rabonas y aquellos rivales que siguieron de largo\u201d, afirm\u00f3 el periodista. \u201cEl mundo se perdi\u00f3 lo m\u00e1s aut\u00e9ntico del marciano futbolista, una verdad tatuada en los recuerdos de la gente que lo vio\u201d, sentenci\u00f3.<\/p>\n<p>Por su parte, Pederzoli dio las gracias \u201ca esta casa, diputados y diputadas\u201d en nombre de la instituci\u00f3n de La Paternal. \u201cEste hermoso libro nos llena de orgullo. Y es necesario para entender a ese chico que, con tanta adversidad y tan indefenso para desarrollarse en un contexto tan deteriorado, ha podido lograr sobrellevar todas esas vicisitudes y triunfar con mucho esfuerzo y sacrificio\u201d, declar\u00f3 el dirigente de Argentinos.<\/p>\n<p>Ferre\u00f1o en su intervenci\u00f3n record\u00f3 el d\u00eda que conoci\u00f3 a Maradona en la Casa de Gobierno. Mientras que Morresi resalt\u00f3 la importancia del aporte de Zyseskind de cara a las nuevas generaciones: \u201cNuestros hijos, nietos y bisnietos van a saber a trav\u00e9s de este tipo de trabajos lo que fue Diego Armando Maradona\u201d. \u201cD10s es Argentino, de La Paternal al mundo\u201d es un libro que recorre los inicios de Maradona en Argentinos Juniors, desde Villa Fiorito hasta su partida a Boca Juniors, en 1981. Una etapa que el autor conoce muy bien, ya que naci\u00f3 a seis cuadras del club; y, por ende, vivi\u00f3 la experiencia en carne propia de lo que muchos aseguran fue \u201cel mejor Diego de todos los tiempos\u201d.<\/p>\n","protected":false},"excerpt":{"rendered":"<p>Se declar\u00f3 de Inter\u00e9s Deportivo y para la Comunicaci\u00f3n Social al libro \u00abD10S es Argentinos, de La Paternal al mundo\u00bb del periodista Hern\u00e1n Russo Zyseskind. El acto se celebro en el Sal\u00f3n Montevideo y cont\u00f3 con la presencia de los legisladores del Frente de Todos Claudia Neira, impulsora de la iniciativa; Claudio Moressi, Claudio Ferre\u00f1o, [&hellip;]<\/p>\n","protected":false},"author":2,"featured_media":39961,"comment_status":"open","ping_status":"open","sticky":false,"template":"","format":"standard","meta":{"_et_pb_use_builder":"","_et_pb_old_content":"","_et_gb_content_width":"","footnotes":""},"categories":[11,33],"tags":[],"class_list":["post-39960","post","type-post","status-publish","format-standard","has-post-thumbnail","hentry","category-ciudad","category-sociedad-y-cultura-2"],"_links":{"self":[{"href":"https:\/\/vocesdebaires.com.ar\/index.php\/wp-json\/wp\/v2\/posts\/39960"}],"collection":[{"href":"https:\/\/vocesdebaires.com.ar\/index.php\/wp-json\/wp\/v2\/posts"}],"about":[{"href":"https:\/\/vocesdebaires.com.ar\/index.php\/wp-json\/wp\/v2\/types\/post"}],"author":[{"embeddable":true,"href":"https:\/\/vocesdebaires.com.ar\/index.php\/wp-json\/wp\/v2\/users\/2"}],"replies":[{"embeddable":true,"href":"https:\/\/vocesdebaires.com.ar\/index.php\/wp-json\/wp\/v2\/comments?post=39960"}],"version-history":[{"count":3,"href":"https:\/\/vocesdebaires.com.ar\/index.php\/wp-json\/wp\/v2\/posts\/39960\/revisions"}],"predecessor-version":[{"id":39964,"href":"https:\/\/vocesdebaires.com.ar\/index.php\/wp-json\/wp\/v2\/posts\/39960\/revisions\/39964"}],"wp:featuredmedia":[{"embeddable":true,"href":"https:\/\/vocesdebaires.com.ar\/index.php\/wp-json\/wp\/v2\/media\/39961"}],"wp:attachment":[{"href":"https:\/\/vocesdebaires.com.ar\/index.php\/wp-json\/wp\/v2\/media?parent=39960"}],"wp:term":[{"taxonomy":"category","embeddable":true,"href":"https:\/\/vocesdebaires.com.ar\/index.php\/wp-json\/wp\/v2\/categories?post=39960"},{"taxonomy":"post_tag","embeddable":true,"href":"https:\/\/vocesdebaires.com.ar\/index.php\/wp-json\/wp\/v2\/tags?post=39960"}],"curies":[{"name":"wp","href":"https:\/\/api.w.org\/{rel}","templated":true}]}}