{"id":39965,"date":"2022-08-22T00:00:44","date_gmt":"2022-08-22T03:00:44","guid":{"rendered":"https:\/\/vocesdebaires.com.ar\/?p=39965"},"modified":"2022-08-21T20:33:22","modified_gmt":"2022-08-21T23:33:22","slug":"el-diputado-diego-santilli-nacional-de-jxc-recorrio-nuevamente-la-matanza","status":"publish","type":"post","link":"https:\/\/vocesdebaires.com.ar\/index.php\/2022\/08\/22\/el-diputado-diego-santilli-nacional-de-jxc-recorrio-nuevamente-la-matanza\/","title":{"rendered":"El diputado Diego Santilli de JxC recorri\u00f3 nuevamente La Matanza\u00a0"},"content":{"rendered":"<p>Santilli: \u201cDebemos plantear una propuesta de futuro y esperanza luego de la debacle de este gobierno\u201d.El diputado nacional de Juntos por el Cambio recorri\u00f3 nuevamente La Matanza. Estuvo durante 10 horas en Isidro Casanova, Ciudad Evita, Rafael Castillo, Villa Celina y La Tablada. \u201cJuntos por el Cambio debe ser responsable y plantear de forma conjunta una propuesta de futuro y esperanza luego de la debacle de este gobierno\u201d, afirm\u00f3. El diputado nacional de Juntos Diego Santilli recorri\u00f3 el pasado\u00a0 viernes diferentes barrios de La Matanza para conversar con los vecinos, comerciantes, empresarios y pastores sobre las principales dificultades que atraviesan en materia econ\u00f3mica y de inseguridad.\u201cJuntos por el Cambio debe ser responsable y plantear de forma conjunta una propuesta de futuro y esperanza luego de la debacle de este gobierno.<\/p>\n<p>Las internas se resuelven puertas adentro; a la sociedad le preocupan los aumentos de precios y tarifas\u201d, expres\u00f3 Santilli durante su visita a La Matanza.\u00bbSiento en la calle que los vecinos de La Matanza quieren cambiar, que est\u00e1n agotados de este sistema que gobierna desde la vuelta de la democracia el Municipio. Tenemos una oportunidad hist\u00f3rica. Tenemos que trabajar juntos, recorrer todos los barrios, estar cerca y llevar a cada lugar de La Matanza nuestra propuesta de desarrollo y transformaci\u00f3n. Estoy convencido de que podemos ganar\u00bb, asegur\u00f3 el referente bonaerense de Juntos por el Cambio. La jornada comenz\u00f3 a primera hora de la ma\u00f1ana con una recorrida por el barrio Polledo de Rafael Castillo, donde el diputado nacional estuvo acompa\u00f1ado por el referente local Hern\u00e1n Berisso.<\/p>\n<p>Luego, Santilli se dirigi\u00f3 a Isidro Casanova, donde realiz\u00f3 una caminata por el centro comercial junto al concejal Lalo Creus, y dialog\u00f3 con los due\u00f1os de los locales y comerciantes de la zona. El \u201cColo\u201d se traslad\u00f3 al mediod\u00eda a La Tablada para reunirse con el pastor Alejandro G\u00f3mez, y luego almorz\u00f3 con empresarios locales en Lomas del Mirador.En Ciudad Evita, Santilli y el concejal Jorge Lampa visitaron a Joaqu\u00edn Sequeira, el joven de 12 a\u00f1os que fue baleado por dos delincuentes que intentaron robarle la mochila. La \u00faltima parada fue Villa Celina, donde Santilli y la concejal Laura Greco participaron de una reuni\u00f3n con vecinos en la Sociedad de Fomento. La Matanza es una de las localidades que el \u201cColo\u201d visita con m\u00e1s frecuencia desde que inici\u00f3 las recorridas en la provincia de Buenos Aires en junio del a\u00f1o pasado. Con esta jornada, ya son 17 las veces que recorri\u00f3 la localidad bonaerense.<\/p>\n","protected":false},"excerpt":{"rendered":"<p>Santilli: \u201cDebemos plantear una propuesta de futuro y esperanza luego de la debacle de este gobierno\u201d.El diputado nacional de Juntos por el Cambio recorri\u00f3 nuevamente La Matanza. Estuvo durante 10 horas en Isidro Casanova, Ciudad Evita, Rafael Castillo, Villa Celina y La Tablada. \u201cJuntos por el Cambio debe ser responsable y plantear de forma conjunta [&hellip;]<\/p>\n","protected":false},"author":2,"featured_media":39966,"comment_status":"open","ping_status":"open","sticky":false,"template":"","format":"standard","meta":{"_et_pb_use_builder":"","_et_pb_old_content":"","_et_gb_content_width":"","footnotes":""},"categories":[34,13],"tags":[],"class_list":["post-39965","post","type-post","status-publish","format-standard","has-post-thumbnail","hentry","category-politica","category-provincia"],"_links":{"self":[{"href":"https:\/\/vocesdebaires.com.ar\/index.php\/wp-json\/wp\/v2\/posts\/39965"}],"collection":[{"href":"https:\/\/vocesdebaires.com.ar\/index.php\/wp-json\/wp\/v2\/posts"}],"about":[{"href":"https:\/\/vocesdebaires.com.ar\/index.php\/wp-json\/wp\/v2\/types\/post"}],"author":[{"embeddable":true,"href":"https:\/\/vocesdebaires.com.ar\/index.php\/wp-json\/wp\/v2\/users\/2"}],"replies":[{"embeddable":true,"href":"https:\/\/vocesdebaires.com.ar\/index.php\/wp-json\/wp\/v2\/comments?post=39965"}],"version-history":[{"count":2,"href":"https:\/\/vocesdebaires.com.ar\/index.php\/wp-json\/wp\/v2\/posts\/39965\/revisions"}],"predecessor-version":[{"id":39968,"href":"https:\/\/vocesdebaires.com.ar\/index.php\/wp-json\/wp\/v2\/posts\/39965\/revisions\/39968"}],"wp:featuredmedia":[{"embeddable":true,"href":"https:\/\/vocesdebaires.com.ar\/index.php\/wp-json\/wp\/v2\/media\/39966"}],"wp:attachment":[{"href":"https:\/\/vocesdebaires.com.ar\/index.php\/wp-json\/wp\/v2\/media?parent=39965"}],"wp:term":[{"taxonomy":"category","embeddable":true,"href":"https:\/\/vocesdebaires.com.ar\/index.php\/wp-json\/wp\/v2\/categories?post=39965"},{"taxonomy":"post_tag","embeddable":true,"href":"https:\/\/vocesdebaires.com.ar\/index.php\/wp-json\/wp\/v2\/tags?post=39965"}],"curies":[{"name":"wp","href":"https:\/\/api.w.org\/{rel}","templated":true}]}}