{"id":39969,"date":"2022-08-22T00:00:11","date_gmt":"2022-08-22T03:00:11","guid":{"rendered":"https:\/\/vocesdebaires.com.ar\/?p=39969"},"modified":"2022-08-21T20:37:49","modified_gmt":"2022-08-21T23:37:49","slug":"ciudadamia-y-onu-argentina-homenaje-a-las-victimas-de-terrorismo","status":"publish","type":"post","link":"https:\/\/vocesdebaires.com.ar\/index.php\/2022\/08\/22\/ciudadamia-y-onu-argentina-homenaje-a-las-victimas-de-terrorismo\/","title":{"rendered":"Ciudad:AMIA y ONU Argentina: Homenaje a las v\u00edctimas de terrorismo"},"content":{"rendered":"<p>Por el D\u00eda Internacional de conmemoraci\u00f3n y homenaje a las v\u00edctimas de terrorismo, que tuvo lugar ayer domingo 21 de agosto, AMIA y Naciones Unidas Argentina rindieron un emotivo homenaje a todas las personas que perdieron la vida y a quienes sufrieron da\u00f1os, heridas y consecuencias de diferente naturaleza, a causa de la ejecuci\u00f3n de cr\u00edmenes y actos terroristas perpetrados en distintas partes del mundo.<\/p>\n<p>\u201cEste a\u00f1o la fecha se centra en la importancia de la memoria ya que sabemos que frecuentemente las v\u00edctimas se sienten abandonadas tras la conmoci\u00f3n inicial de un atentado terrorista\u201d, se\u00f1al\u00f3 Claudia Mojica, coordinadora residente del Sistema de Naciones Unidas en Argentina, quien destac\u00f3 a su vez el gran valor de realizar, junto a AMIA y junto otros actores, actividades que promuevan el ejercicio de la memoria. \u201cEl Secretario General de Naciones Unidas ha sido muy contundente al expresar que es nuestra responsabilidad colectiva recordar y honrar a las v\u00edctimas y a los sobrevivientes.<\/p>\n<p>Existe un fuerte compromiso desde ONU para apoyar a las personas marcadas por actos atroces de terrorismo, amplificando sus voces, protegiendo sus derechos, reclamando justicia y movilizando a los Estados Miembros para que les proporcionen el apoyo jur\u00eddico, m\u00e9dico, psicosocial o financiero que necesitan para sanar y vivir con dignidad\u201d, detall\u00f3 la coordinadora. Por su parte, Amos Linetzky, presidente de AMIA, manifest\u00f3: \u201cEn el acompa\u00f1amiento a las v\u00edctimas sobrevivientes y en el ejercicio de la memoria colectiva debemos trabajar en conjunto, y comprometidos con la defensa de la paz y del valor supremo de la vida.<\/p>\n<p>La lucha contra el flagelo del terrorismo nos debe encontrar unidos. Al horror sideral que desatan los actos criminales de odio e intolerancia debemos responder con solidaridad\u201d, remarc\u00f3. \u201cAnte hechos atroces, en los cuales al espanto m\u00e1s cruel se le suma la falta de justicia, debemos fraternizar a\u00fan m\u00e1s y alzar la voz juntos para denunciar la impunidad y reclamar justicia\u201d, concluy\u00f3 el presidente de la instituci\u00f3n.<\/p>\n<p>En el acto institucional, que tuvo lugar despu\u00e9s del mediod\u00eda en Pasteur 633, se dej\u00f3 oficialmente inaugurada, adem\u00e1s, la muestra \u201cEse d\u00eda\u201d, de la reconocida fot\u00f3grafa Alejandra L\u00f3pez, que est\u00e1 integrada por veintis\u00e9is retratos realizados a v\u00edctimas sobrevivientes del atentado contra la AMIA, y que quedar\u00e1 exhibir\u00e1 de manera permanente. La conmemoraci\u00f3n comenz\u00f3 en la plaza seca del edificio de la AMIA, donde frente al memorial que recuerda a las 85 v\u00edctimas fatales de la masacre del 18 de julio de 1994, se prendi\u00f3 una vela para evocar y honrar la vida de cada una de las personas asesinadas.<\/p>\n<p>Asimismo, los asistentes recorrieron dos muestras art\u00edsticas creadas y producidas por AMIA: \u201cMi memoria no se vende\u201d, de Nandon, realizada este a\u00f1o en ocasi\u00f3n del 28\u00b0 aniversario del ataque contra la instituci\u00f3n, y \u201cVeinticinco\u201d, exposici\u00f3n de fotos de Julio Menajovsky, que fue presentada en 2019. El acto organizado en conjunto entre AMIA y Naciones Unidas Argentina continu\u00f3 en el quinto piso del edificio de Pasteur, donde las autoridades de ambas organizaciones compartieron sus mensajes sobre la importancia de la fecha que se conmemora este domingo.<\/p>\n<p>A su vez, los asistentes escucharon las palabras de Lea Kovensky, v\u00edctima sobreviviente del atentado a la Embajada de Israel en Argentina el 17 de marzo de 1992; Ana Evans, esposa de Hern\u00e1n Mendoza, quien fue asesinado en el atentado cometido en Nueva York, el 31 de octubre de 2017; Marina Degtiar, hermana de Cristian, quien fue asesinado en el atentado a la AMIA, y Daniel Pomerantz, v\u00edctima sobreviviente de esa misma masacre. Adem\u00e1s, en el encuentro se proyect\u00f3 la pieza audiovisual \u201cUn mismo dolor\u201d, un video que compila testimonios de v\u00edctimas sobrevivientes y familiares de v\u00edctimas fatales de diferentes matanzas terroristas, y brinda un conmovedor mensaje que renueva el compromiso con el ejercicio de la memoria: \u201cLa necesidad de recordar es universal\u201d.<\/p>\n<p>El d\u00eda internacional para honrar a las v\u00edctimas de terrorismo fue instaurado, a instancias de la Asamblea General de las Naciones Unidas, el 19 de diciembre de 2017. Desde su proclamaci\u00f3n, la fecha que se conmemora cada 21 de agosto reconoce que la promoci\u00f3n y la protecci\u00f3n de los derechos humanos, y el estado de derecho en el \u00e1mbito nacional y los niveles internacionales, son esenciales para prevenir y combatir este flagelo de alcance global. Hermanadas en la defensa del valor de la vida humana y la integridad de las personas, AMIA y Naciones Unidas Argentina continuaron este a\u00f1o su tradici\u00f3n de expresarse de manera conjunta para condenar los cr\u00edmenes terroristas, y rendir homenaje a las v\u00edctimas fatales y las v\u00edctimas sobrevivientes de diferentes ataques cometidos.<\/p>\n","protected":false},"excerpt":{"rendered":"<p>Por el D\u00eda Internacional de conmemoraci\u00f3n y homenaje a las v\u00edctimas de terrorismo, que tuvo lugar ayer domingo 21 de agosto, AMIA y Naciones Unidas Argentina rindieron un emotivo homenaje a todas las personas que perdieron la vida y a quienes sufrieron da\u00f1os, heridas y consecuencias de diferente naturaleza, a causa de la ejecuci\u00f3n de [&hellip;]<\/p>\n","protected":false},"author":2,"featured_media":39970,"comment_status":"open","ping_status":"open","sticky":false,"template":"","format":"standard","meta":{"_et_pb_use_builder":"","_et_pb_old_content":"","_et_gb_content_width":"","footnotes":""},"categories":[11,33],"tags":[],"class_list":["post-39969","post","type-post","status-publish","format-standard","has-post-thumbnail","hentry","category-ciudad","category-sociedad-y-cultura-2"],"_links":{"self":[{"href":"https:\/\/vocesdebaires.com.ar\/index.php\/wp-json\/wp\/v2\/posts\/39969"}],"collection":[{"href":"https:\/\/vocesdebaires.com.ar\/index.php\/wp-json\/wp\/v2\/posts"}],"about":[{"href":"https:\/\/vocesdebaires.com.ar\/index.php\/wp-json\/wp\/v2\/types\/post"}],"author":[{"embeddable":true,"href":"https:\/\/vocesdebaires.com.ar\/index.php\/wp-json\/wp\/v2\/users\/2"}],"replies":[{"embeddable":true,"href":"https:\/\/vocesdebaires.com.ar\/index.php\/wp-json\/wp\/v2\/comments?post=39969"}],"version-history":[{"count":1,"href":"https:\/\/vocesdebaires.com.ar\/index.php\/wp-json\/wp\/v2\/posts\/39969\/revisions"}],"predecessor-version":[{"id":39971,"href":"https:\/\/vocesdebaires.com.ar\/index.php\/wp-json\/wp\/v2\/posts\/39969\/revisions\/39971"}],"wp:featuredmedia":[{"embeddable":true,"href":"https:\/\/vocesdebaires.com.ar\/index.php\/wp-json\/wp\/v2\/media\/39970"}],"wp:attachment":[{"href":"https:\/\/vocesdebaires.com.ar\/index.php\/wp-json\/wp\/v2\/media?parent=39969"}],"wp:term":[{"taxonomy":"category","embeddable":true,"href":"https:\/\/vocesdebaires.com.ar\/index.php\/wp-json\/wp\/v2\/categories?post=39969"},{"taxonomy":"post_tag","embeddable":true,"href":"https:\/\/vocesdebaires.com.ar\/index.php\/wp-json\/wp\/v2\/tags?post=39969"}],"curies":[{"name":"wp","href":"https:\/\/api.w.org\/{rel}","templated":true}]}}