{"id":39984,"date":"2022-08-23T00:59:23","date_gmt":"2022-08-23T03:59:23","guid":{"rendered":"https:\/\/vocesdebaires.com.ar\/?p=39984"},"modified":"2022-08-23T00:59:23","modified_gmt":"2022-08-23T03:59:23","slug":"legislaturase-declaro-de-interes-cultural-a-mujeres-que-no-fueron-tapa","status":"publish","type":"post","link":"https:\/\/vocesdebaires.com.ar\/index.php\/2022\/08\/23\/legislaturase-declaro-de-interes-cultural-a-mujeres-que-no-fueron-tapa\/","title":{"rendered":"Legislatura:Se declar\u00f3 de Inter\u00e9s Cultural a &#8216;Mujeres que no fueron tapa&#8217;"},"content":{"rendered":"<p>La Legislatura de la Ciudad entreg\u00f3 el diploma que acredita el Inter\u00e9s Cultural al reconocido proyecto colectivo \u201cMujeres que no fueron tapa\u201d. El acto se celebr\u00f3 durante esta tarde, en el Sal\u00f3n Dorado de la sede Parlamentaria y cont\u00f3 con la presencia de los legisladores Juan Manuel Vald\u00e9s \u2013tambi\u00e9n impulsor de la declaraci\u00f3n- y Luc\u00eda C\u00e1mpora, ambos del FdT. Y las integrantes del grupo Paula Bisio, Soledad Gey, Sandra Martinez, Mara Granado y, su fundadora Lala Pasquinelli.<\/p>\n","protected":false},"excerpt":{"rendered":"<p>La Legislatura de la Ciudad entreg\u00f3 el diploma que acredita el Inter\u00e9s Cultural al reconocido proyecto colectivo \u201cMujeres que no fueron tapa\u201d. El acto se celebr\u00f3 durante esta tarde, en el Sal\u00f3n Dorado de la sede Parlamentaria y cont\u00f3 con la presencia de los legisladores Juan Manuel Vald\u00e9s \u2013tambi\u00e9n impulsor de la declaraci\u00f3n- y Luc\u00eda [&hellip;]<\/p>\n","protected":false},"author":2,"featured_media":39985,"comment_status":"open","ping_status":"open","sticky":false,"template":"","format":"standard","meta":{"_et_pb_use_builder":"","_et_pb_old_content":"","_et_gb_content_width":"","footnotes":""},"categories":[11,33],"tags":[],"class_list":["post-39984","post","type-post","status-publish","format-standard","has-post-thumbnail","hentry","category-ciudad","category-sociedad-y-cultura-2"],"_links":{"self":[{"href":"https:\/\/vocesdebaires.com.ar\/index.php\/wp-json\/wp\/v2\/posts\/39984"}],"collection":[{"href":"https:\/\/vocesdebaires.com.ar\/index.php\/wp-json\/wp\/v2\/posts"}],"about":[{"href":"https:\/\/vocesdebaires.com.ar\/index.php\/wp-json\/wp\/v2\/types\/post"}],"author":[{"embeddable":true,"href":"https:\/\/vocesdebaires.com.ar\/index.php\/wp-json\/wp\/v2\/users\/2"}],"replies":[{"embeddable":true,"href":"https:\/\/vocesdebaires.com.ar\/index.php\/wp-json\/wp\/v2\/comments?post=39984"}],"version-history":[{"count":1,"href":"https:\/\/vocesdebaires.com.ar\/index.php\/wp-json\/wp\/v2\/posts\/39984\/revisions"}],"predecessor-version":[{"id":39986,"href":"https:\/\/vocesdebaires.com.ar\/index.php\/wp-json\/wp\/v2\/posts\/39984\/revisions\/39986"}],"wp:featuredmedia":[{"embeddable":true,"href":"https:\/\/vocesdebaires.com.ar\/index.php\/wp-json\/wp\/v2\/media\/39985"}],"wp:attachment":[{"href":"https:\/\/vocesdebaires.com.ar\/index.php\/wp-json\/wp\/v2\/media?parent=39984"}],"wp:term":[{"taxonomy":"category","embeddable":true,"href":"https:\/\/vocesdebaires.com.ar\/index.php\/wp-json\/wp\/v2\/categories?post=39984"},{"taxonomy":"post_tag","embeddable":true,"href":"https:\/\/vocesdebaires.com.ar\/index.php\/wp-json\/wp\/v2\/tags?post=39984"}],"curies":[{"name":"wp","href":"https:\/\/api.w.org\/{rel}","templated":true}]}}