{"id":39987,"date":"2022-08-23T01:01:50","date_gmt":"2022-08-23T04:01:50","guid":{"rendered":"https:\/\/vocesdebaires.com.ar\/?p=39987"},"modified":"2022-08-23T01:01:50","modified_gmt":"2022-08-23T04:01:50","slug":"ciudadabren-inscripcion-para-la-muestra-celebramos-el-orgullo","status":"publish","type":"post","link":"https:\/\/vocesdebaires.com.ar\/index.php\/2022\/08\/23\/ciudadabren-inscripcion-para-la-muestra-celebramos-el-orgullo\/","title":{"rendered":"Ciudad:Abren inscripci\u00f3n para la muestra &#8216;Celebramos el Orgullo&#8217;"},"content":{"rendered":"<p>La Legislatura de la Ciudad abri\u00f3 la inscripci\u00f3n para participar de la muestra abierta por el D\u00eda del Activismo por la Diversidad: \u201cCelebramos el Orgullo\u201d. La convocatoria comenz\u00f3 ayer lunes a las 12 hs. y concluir\u00e1 el viernes 9 de septiembre. La exposici\u00f3n se llevar\u00e1 a cabo el 31 de octubre, en la sede Parlamentaria. Los artistas deber\u00e1n ser parte del colectivo LGBTIQ+ y, a trav\u00e9s de la fotograf\u00eda o la pintura, deber\u00e1n exponer su concepto de identidad o vincularse a tem\u00e1ticas de inclusi\u00f3n y diversidad. Las obras no podr\u00e1n contener desnudos, im\u00e1genes expl\u00edcitas ni violencias.<\/p>\n<p>Para participar se debe llenar un formulario de inscripci\u00f3n, enviar dos obras o fotos \u2013de las cuales se seleccionar\u00e1 una- y adjuntar una copia del Documento Nacional de Identidad de ambas caras. Luego, enviar todo el material en alta resoluci\u00f3n v\u00eda drive o wetransfer a dg.asuntoscyp@legisaltura.gov.ar . En asunto deber\u00e1 decir: Concurso \u201cCelebramos el Orgullo\u201d. Cabe destacar que la extensi\u00f3n solicitada es en formato JPG, medida m\u00ednima: 3600 pixeles en su lado m\u00e1s largo. Compresi\u00f3n. JPG calidad media a alta. El jurado seleccionar\u00e1 diez obras para la muestra final, que ser\u00e1n publicadas el lunes 17 de octubre. Las mismas se exhibir\u00e1n en la sala de exposiciones \u00abManuel Belgrano\u00bb de la Legislatura de la Ciudad \u2013Per\u00fa 160- a partir del 31 de octubre y dentro del contexto de la Semana del Orgullo CABA.<\/p>\n","protected":false},"excerpt":{"rendered":"<p>La Legislatura de la Ciudad abri\u00f3 la inscripci\u00f3n para participar de la muestra abierta por el D\u00eda del Activismo por la Diversidad: \u201cCelebramos el Orgullo\u201d. La convocatoria comenz\u00f3 ayer lunes a las 12 hs. y concluir\u00e1 el viernes 9 de septiembre. La exposici\u00f3n se llevar\u00e1 a cabo el 31 de octubre, en la sede Parlamentaria. [&hellip;]<\/p>\n","protected":false},"author":2,"featured_media":39988,"comment_status":"open","ping_status":"open","sticky":false,"template":"","format":"standard","meta":{"_et_pb_use_builder":"","_et_pb_old_content":"","_et_gb_content_width":"","footnotes":""},"categories":[11,33],"tags":[],"class_list":["post-39987","post","type-post","status-publish","format-standard","has-post-thumbnail","hentry","category-ciudad","category-sociedad-y-cultura-2"],"_links":{"self":[{"href":"https:\/\/vocesdebaires.com.ar\/index.php\/wp-json\/wp\/v2\/posts\/39987"}],"collection":[{"href":"https:\/\/vocesdebaires.com.ar\/index.php\/wp-json\/wp\/v2\/posts"}],"about":[{"href":"https:\/\/vocesdebaires.com.ar\/index.php\/wp-json\/wp\/v2\/types\/post"}],"author":[{"embeddable":true,"href":"https:\/\/vocesdebaires.com.ar\/index.php\/wp-json\/wp\/v2\/users\/2"}],"replies":[{"embeddable":true,"href":"https:\/\/vocesdebaires.com.ar\/index.php\/wp-json\/wp\/v2\/comments?post=39987"}],"version-history":[{"count":1,"href":"https:\/\/vocesdebaires.com.ar\/index.php\/wp-json\/wp\/v2\/posts\/39987\/revisions"}],"predecessor-version":[{"id":39989,"href":"https:\/\/vocesdebaires.com.ar\/index.php\/wp-json\/wp\/v2\/posts\/39987\/revisions\/39989"}],"wp:featuredmedia":[{"embeddable":true,"href":"https:\/\/vocesdebaires.com.ar\/index.php\/wp-json\/wp\/v2\/media\/39988"}],"wp:attachment":[{"href":"https:\/\/vocesdebaires.com.ar\/index.php\/wp-json\/wp\/v2\/media?parent=39987"}],"wp:term":[{"taxonomy":"category","embeddable":true,"href":"https:\/\/vocesdebaires.com.ar\/index.php\/wp-json\/wp\/v2\/categories?post=39987"},{"taxonomy":"post_tag","embeddable":true,"href":"https:\/\/vocesdebaires.com.ar\/index.php\/wp-json\/wp\/v2\/tags?post=39987"}],"curies":[{"name":"wp","href":"https:\/\/api.w.org\/{rel}","templated":true}]}}