{"id":39997,"date":"2022-08-24T11:22:40","date_gmt":"2022-08-24T14:22:40","guid":{"rendered":"https:\/\/vocesdebaires.com.ar\/?p=39997"},"modified":"2022-08-24T11:22:40","modified_gmt":"2022-08-24T14:22:40","slug":"la-legislatura-resalto-el-trabajo-de-los-oftalmologos-goldman-y-valvecchia","status":"publish","type":"post","link":"https:\/\/vocesdebaires.com.ar\/index.php\/2022\/08\/24\/la-legislatura-resalto-el-trabajo-de-los-oftalmologos-goldman-y-valvecchia\/","title":{"rendered":"La Legislatura resalt\u00f3 el trabajo de los oftalm\u00f3logos Goldman y Valvecchia"},"content":{"rendered":"<p>La Legislatura de la Ciudad Aut\u00f3noma de Buenos Aires declar\u00f3 de Inter\u00e9s Sanitario a las actividades m\u00e9dico-quir\u00fargicas efectuadas por los doctores Gustavo Goldman y Gerardo Valvecchia, que est\u00e1n orientadas a la erradicaci\u00f3n de la ceguera por cataratas.El acto se desarroll\u00f3 ayer martes por la tarde en el sal\u00f3n Presidente Alfons\u00edn y cont\u00f3 con la presencia de la legisladora Paola Michielotto (VJ) \u2013que tambi\u00e9n represent\u00f3 al legislador con mandato cumplido y autor de la iniciativa en 2019, Jos\u00e9 Luis Acevedo-; Catalina Valvecchia \u2013en representaci\u00f3n de su padre- y el Dr. Goldman.<\/p>\n<p>La legisladora fue la encargada de dar la bienvenida a los presentes \u201ca la Casa de todos los porte\u00f1os\u201d y afirm\u00f3: \u201cestamos en presencia de profesionales de alt\u00edsimo nivel acad\u00e9mico y humano, que hacen la diferencia por su trabajo, su compromiso, su esfuerzo y su capacitaci\u00f3n contin\u00faa\u201d. En este sentido, subray\u00f3 la labor y el tiempo de los profesionales al servicio de los pacientes tanto de las provincias argentinas como del exterior. \u201cSon dos m\u00e9dicos con vocaci\u00f3n solidaria, dedicados a curar y ayudar m\u00e1s all\u00e1 de las fronteras\u201d, sentenci\u00f3.<\/p>\n<p>Por su parte, Goldman agradeci\u00f3 a la Legislatura y a los diputados Michielotto y Acevedo. \u201cNosotros tenemos la posibilidad de ayudar con lo que aprendimos, a que la gente no sea ciega y tratar de que esas personas tengan una vida digna. El desaf\u00edo es replicar nuestro trabajo\u201d, afirm\u00f3 el especialista. Gustavo Goldman es m\u00e9dico recibido en la Facultad de Medicina de la Universidad de Buenos Aires (UBA), en el a\u00f1o 2000, con especialidad en oftalmolog\u00eda en la Universidad Nacional de La Plata. Desarroll\u00f3 su actividad como M\u00e9dico Concurrente del Servicio de Oftalmolog\u00eda Hospital Israelita \u201cEzrah\u201d, en la Cl\u00ednica de Microcirug\u00eda como subjefe del departamento de C\u00e1mara Anterior y como m\u00e9dico y cirujano en el Centro Internacional de Microcirug\u00eda Ocular (CIMO), entre otros. Adem\u00e1s, efectu\u00f3 diversos trabajos cient\u00edficos y es miembro del Consejo Argentino de Oftalmolog\u00eda.<\/p>\n<p>Gerardo Valvecchia es m\u00e9dico especialista en oftalmolog\u00eda, recibido tambi\u00e9n en la UBA y con carrera docente y doctorado en la misma instituci\u00f3n. Docente del curso universitario de la Universidad del Salvador y miembro de la instituci\u00f3n cient\u00edfica American Academy Society of Opthtalmology, con \u00e1reas de inter\u00e9s en la cirug\u00eda de cataratas, alta miop\u00eda y trasplante de c\u00f3rnea. A su vez, es creador y director del Curso FacoExtrema, m\u00e9dico asesor del Club de Leones en el proyecto \u201cDejemos entrar el sol. La Vista Primero\u00bb y vicepresidente de la Sociedad Argentina de cirug\u00eda refractiva y c\u00f3rnea. Tambi\u00e9n es miembro del Consejo Argentino de Oftalmolog\u00eda.<\/p>\n","protected":false},"excerpt":{"rendered":"<p>La Legislatura de la Ciudad Aut\u00f3noma de Buenos Aires declar\u00f3 de Inter\u00e9s Sanitario a las actividades m\u00e9dico-quir\u00fargicas efectuadas por los doctores Gustavo Goldman y Gerardo Valvecchia, que est\u00e1n orientadas a la erradicaci\u00f3n de la ceguera por cataratas.El acto se desarroll\u00f3 ayer martes por la tarde en el sal\u00f3n Presidente Alfons\u00edn y cont\u00f3 con la presencia [&hellip;]<\/p>\n","protected":false},"author":2,"featured_media":39998,"comment_status":"open","ping_status":"open","sticky":false,"template":"","format":"standard","meta":{"_et_pb_use_builder":"","_et_pb_old_content":"","_et_gb_content_width":"","footnotes":""},"categories":[11,33],"tags":[],"class_list":["post-39997","post","type-post","status-publish","format-standard","has-post-thumbnail","hentry","category-ciudad","category-sociedad-y-cultura-2"],"_links":{"self":[{"href":"https:\/\/vocesdebaires.com.ar\/index.php\/wp-json\/wp\/v2\/posts\/39997"}],"collection":[{"href":"https:\/\/vocesdebaires.com.ar\/index.php\/wp-json\/wp\/v2\/posts"}],"about":[{"href":"https:\/\/vocesdebaires.com.ar\/index.php\/wp-json\/wp\/v2\/types\/post"}],"author":[{"embeddable":true,"href":"https:\/\/vocesdebaires.com.ar\/index.php\/wp-json\/wp\/v2\/users\/2"}],"replies":[{"embeddable":true,"href":"https:\/\/vocesdebaires.com.ar\/index.php\/wp-json\/wp\/v2\/comments?post=39997"}],"version-history":[{"count":1,"href":"https:\/\/vocesdebaires.com.ar\/index.php\/wp-json\/wp\/v2\/posts\/39997\/revisions"}],"predecessor-version":[{"id":39999,"href":"https:\/\/vocesdebaires.com.ar\/index.php\/wp-json\/wp\/v2\/posts\/39997\/revisions\/39999"}],"wp:featuredmedia":[{"embeddable":true,"href":"https:\/\/vocesdebaires.com.ar\/index.php\/wp-json\/wp\/v2\/media\/39998"}],"wp:attachment":[{"href":"https:\/\/vocesdebaires.com.ar\/index.php\/wp-json\/wp\/v2\/media?parent=39997"}],"wp:term":[{"taxonomy":"category","embeddable":true,"href":"https:\/\/vocesdebaires.com.ar\/index.php\/wp-json\/wp\/v2\/categories?post=39997"},{"taxonomy":"post_tag","embeddable":true,"href":"https:\/\/vocesdebaires.com.ar\/index.php\/wp-json\/wp\/v2\/tags?post=39997"}],"curies":[{"name":"wp","href":"https:\/\/api.w.org\/{rel}","templated":true}]}}