{"id":4000,"date":"2019-10-04T03:18:48","date_gmt":"2019-10-04T06:18:48","guid":{"rendered":"http:\/\/vocesdebaires.com.ar\/wordpress\/index.php\/2019\/10\/04\/ciudad-se-vienen-cambios-en-vamos-juntos\/"},"modified":"2019-10-04T03:18:48","modified_gmt":"2019-10-04T06:18:48","slug":"ciudad-se-vienen-cambios-en-vamos-juntos","status":"publish","type":"post","link":"https:\/\/vocesdebaires.com.ar\/index.php\/2019\/10\/04\/ciudad-se-vienen-cambios-en-vamos-juntos\/","title":{"rendered":"Ciudad: Se vienen cambios en Vamos Juntos"},"content":{"rendered":"<p>Esta todo preparado , para el pr\u00f3ximo jueves que habr\u00e1 sesi\u00f3n ordinaria y se formalizar\u00e1 la renuncia del vicepresidente primero del Parlamento y legislador Francisco Quintana de Vamos Juntos, quien buscar\u00e1 ocupar una banca en el Consejo de la Magistratura de la Ciudad. La\u00a0 vacante que dejara ser\u00e1 ocupado por el actual presidente del bloque Vamos Juntos, el legislador Agust\u00edn Forchieri y\u00a0 la jefatura del mismo quedar\u00e1 a cargo del presidente de la Comisi\u00f3n de Justicia y quien fuera uno de los principales aspirantes a un cargo en el Consejo de la Magistratura, el legislador\u00a0 Daniel Presti (VJ); y la banca oficialista que quedar\u00eda disponible ser\u00eda ocupada por Raquel Munt. Se espera que\u00a0 todos ellos asuman sus nuevas responsabilidades el pr\u00f3ximo jueves.<\/p>\n","protected":false},"excerpt":{"rendered":"<p>Esta todo preparado , para el pr\u00f3ximo jueves que habr\u00e1 sesi\u00f3n ordinaria y se formalizar\u00e1 la renuncia del vicepresidente primero del Parlamento y legislador Francisco Quintana de Vamos Juntos, quien buscar\u00e1 ocupar una banca en el Consejo de la Magistratura de la Ciudad. La\u00a0 vacante que dejara ser\u00e1 ocupado por el actual presidente del bloque [&hellip;]<\/p>\n","protected":false},"author":1,"featured_media":4001,"comment_status":"open","ping_status":"open","sticky":false,"template":"","format":"standard","meta":{"_et_pb_use_builder":"","_et_pb_old_content":"","_et_gb_content_width":"","footnotes":""},"categories":[11,33],"tags":[],"class_list":["post-4000","post","type-post","status-publish","format-standard","has-post-thumbnail","hentry","category-ciudad","category-sociedad-y-cultura-2"],"_links":{"self":[{"href":"https:\/\/vocesdebaires.com.ar\/index.php\/wp-json\/wp\/v2\/posts\/4000"}],"collection":[{"href":"https:\/\/vocesdebaires.com.ar\/index.php\/wp-json\/wp\/v2\/posts"}],"about":[{"href":"https:\/\/vocesdebaires.com.ar\/index.php\/wp-json\/wp\/v2\/types\/post"}],"author":[{"embeddable":true,"href":"https:\/\/vocesdebaires.com.ar\/index.php\/wp-json\/wp\/v2\/users\/1"}],"replies":[{"embeddable":true,"href":"https:\/\/vocesdebaires.com.ar\/index.php\/wp-json\/wp\/v2\/comments?post=4000"}],"version-history":[{"count":0,"href":"https:\/\/vocesdebaires.com.ar\/index.php\/wp-json\/wp\/v2\/posts\/4000\/revisions"}],"wp:featuredmedia":[{"embeddable":true,"href":"https:\/\/vocesdebaires.com.ar\/index.php\/wp-json\/wp\/v2\/media\/4001"}],"wp:attachment":[{"href":"https:\/\/vocesdebaires.com.ar\/index.php\/wp-json\/wp\/v2\/media?parent=4000"}],"wp:term":[{"taxonomy":"category","embeddable":true,"href":"https:\/\/vocesdebaires.com.ar\/index.php\/wp-json\/wp\/v2\/categories?post=4000"},{"taxonomy":"post_tag","embeddable":true,"href":"https:\/\/vocesdebaires.com.ar\/index.php\/wp-json\/wp\/v2\/tags?post=4000"}],"curies":[{"name":"wp","href":"https:\/\/api.w.org\/{rel}","templated":true}]}}