{"id":40000,"date":"2022-08-24T11:29:07","date_gmt":"2022-08-24T14:29:07","guid":{"rendered":"https:\/\/vocesdebaires.com.ar\/?p=40000"},"modified":"2022-08-24T11:29:07","modified_gmt":"2022-08-24T14:29:07","slug":"legislaturaexposicion-proyecto-long-play-de-interes-cultural-y-ambiental","status":"publish","type":"post","link":"https:\/\/vocesdebaires.com.ar\/index.php\/2022\/08\/24\/legislaturaexposicion-proyecto-long-play-de-interes-cultural-y-ambiental\/","title":{"rendered":"Legislatura:Exposici\u00f3n &#8216;Proyecto Long Play&#8217;, de Inter\u00e9s Cultural y Ambiental"},"content":{"rendered":"<p>La Legislatura de la Ciudad declar\u00f3 de Inter\u00e9s Cultural y Ambiental a la exposici\u00f3n \u201cProyecto Long Play\u201d. La entrega del atributo se llev\u00f3 a cabo en el sal\u00f3n San Mart\u00edn este lunes por la tarde y cont\u00f3 con la presencia del legislador, vicepresidente 3\u00b0, impulsor de la iniciativa parlamentaria Roy Cortina (PS); el fot\u00f3grafo Marcelo Gurruchaga, el bi\u00f3logo y artista visual Diego Gallotti y la creadora y bi\u00f3loga Marta Elisetch. En el inicio de las alocuciones, Cortina afirm\u00f3 que transformaron una idea en una iniciativa colectiva sin precedentes. \u201cEn este proyecto no hubo un simple reciclaje, aqu\u00ed una obra de arte musical transmut\u00f3 en otra obra de arte agregando un eslab\u00f3n de significado po\u00e9tico\u201d, sentenci\u00f3.<\/p>\n<p>Luego, Gurruchaga agradeci\u00f3 al cuerpo Legislativo por la menci\u00f3n. En tanto, Gallotti coment\u00f3: \u201cme parece importante que se estimule la producci\u00f3n art\u00edstica y haga estos actos porque en \u00e9pocas de crisis econ\u00f3mica, la cultura tiene una incidencia econ\u00f3mica muy importante\u201d. Y resalt\u00f3 la oferta cultural con la que cuenta la Ciudad Aut\u00f3noma. Elisetch record\u00f3 c\u00f3mo inici\u00f3 el Proyecto Long Play, que \u201cno fue un trabajo f\u00e1cil\u201d debido a la pandemia y sus consecuencias relacionadas al encierro. \u201cLo importante es que hubo una gran resiliencia por parte de todos, de ponerse a trabajar. Y hoy me da una satisfacci\u00f3n enorme\u201d, agreg\u00f3.<\/p>\n<p>Finalmente, inform\u00f3 que a mediados de octubre se expondr\u00e1 la producci\u00f3n dentro de la sede Parlamentaria y que el a\u00f1o pr\u00f3ximo habr\u00e1 una segunda versi\u00f3n de la muestra.<br \/>\nProyecto Long Play es una propuesta art\u00edstica y ambiental, que surgi\u00f3 por iniciativa de Marta Elisetch quien encontr\u00f3 una caja llena de discos antiguos abandonados y decidi\u00f3 rescatarlos para intervenirlos art\u00edsticamente. Convoc\u00f3 a los artistas visuales Jos\u00e9 Otero y Diego Gallotti, a fin que la ayudaran a reunir m\u00e1s creativos. De ese modo, durante un a\u00f1o 24 artistas integraron el proyecto colectivo.<\/p>\n","protected":false},"excerpt":{"rendered":"<p>La Legislatura de la Ciudad declar\u00f3 de Inter\u00e9s Cultural y Ambiental a la exposici\u00f3n \u201cProyecto Long Play\u201d. La entrega del atributo se llev\u00f3 a cabo en el sal\u00f3n San Mart\u00edn este lunes por la tarde y cont\u00f3 con la presencia del legislador, vicepresidente 3\u00b0, impulsor de la iniciativa parlamentaria Roy Cortina (PS); el fot\u00f3grafo Marcelo [&hellip;]<\/p>\n","protected":false},"author":2,"featured_media":40001,"comment_status":"open","ping_status":"open","sticky":false,"template":"","format":"standard","meta":{"_et_pb_use_builder":"","_et_pb_old_content":"","_et_gb_content_width":"","footnotes":""},"categories":[11,33],"tags":[],"class_list":["post-40000","post","type-post","status-publish","format-standard","has-post-thumbnail","hentry","category-ciudad","category-sociedad-y-cultura-2"],"_links":{"self":[{"href":"https:\/\/vocesdebaires.com.ar\/index.php\/wp-json\/wp\/v2\/posts\/40000"}],"collection":[{"href":"https:\/\/vocesdebaires.com.ar\/index.php\/wp-json\/wp\/v2\/posts"}],"about":[{"href":"https:\/\/vocesdebaires.com.ar\/index.php\/wp-json\/wp\/v2\/types\/post"}],"author":[{"embeddable":true,"href":"https:\/\/vocesdebaires.com.ar\/index.php\/wp-json\/wp\/v2\/users\/2"}],"replies":[{"embeddable":true,"href":"https:\/\/vocesdebaires.com.ar\/index.php\/wp-json\/wp\/v2\/comments?post=40000"}],"version-history":[{"count":1,"href":"https:\/\/vocesdebaires.com.ar\/index.php\/wp-json\/wp\/v2\/posts\/40000\/revisions"}],"predecessor-version":[{"id":40002,"href":"https:\/\/vocesdebaires.com.ar\/index.php\/wp-json\/wp\/v2\/posts\/40000\/revisions\/40002"}],"wp:featuredmedia":[{"embeddable":true,"href":"https:\/\/vocesdebaires.com.ar\/index.php\/wp-json\/wp\/v2\/media\/40001"}],"wp:attachment":[{"href":"https:\/\/vocesdebaires.com.ar\/index.php\/wp-json\/wp\/v2\/media?parent=40000"}],"wp:term":[{"taxonomy":"category","embeddable":true,"href":"https:\/\/vocesdebaires.com.ar\/index.php\/wp-json\/wp\/v2\/categories?post=40000"},{"taxonomy":"post_tag","embeddable":true,"href":"https:\/\/vocesdebaires.com.ar\/index.php\/wp-json\/wp\/v2\/tags?post=40000"}],"curies":[{"name":"wp","href":"https:\/\/api.w.org\/{rel}","templated":true}]}}