{"id":40015,"date":"2022-08-25T00:17:47","date_gmt":"2022-08-25T03:17:47","guid":{"rendered":"https:\/\/vocesdebaires.com.ar\/?p=40015"},"modified":"2022-08-25T00:17:47","modified_gmt":"2022-08-25T03:17:47","slug":"larreta-participo-de-un-encuentro-con-beneficiarios-del-plan-empleo-joven","status":"publish","type":"post","link":"https:\/\/vocesdebaires.com.ar\/index.php\/2022\/08\/25\/larreta-participo-de-un-encuentro-con-beneficiarios-del-plan-empleo-joven\/","title":{"rendered":"Larreta particip\u00f3 de un encuentro con beneficiarios del Plan Empleo Joven"},"content":{"rendered":"<p>El jefe de Gobierno de la Ciudad, Horacio Rodr\u00edguez Larreta, junto a la diputada nacional Mar\u00eda Eugenia Vidal, particip\u00f3 este mi\u00e9rcoles de un caf\u00e9 en el barrio de Recoleta con un grupo de j\u00f3venes que est\u00e1n viviendo sus primeras experiencias en el mundo laboral a trav\u00e9s del programa Plan Empleo Joven. Tambi\u00e9n estuvo el vicepresidente primero de la Legislatura porte\u00f1a, Emanuel Ferrario, impulsor de la Ley de Incentivo Joven aprobada el pasado 11 de agosto. Rodr\u00edguez Larreta, entre otras cosas, plante\u00f3 la necesidad de incorporar al mercado de trabajo a quienes tengan entre 18 y 24 a\u00f1os.<\/p>\n<p>\u201cLa inserci\u00f3n laboral de los j\u00f3venes hoy es un desaf\u00edo tanto en la Ciudad como en el pa\u00eds. El Plan de Empleo Joven es un ejemplo de nuestro compromiso de generar m\u00e1s oportunidades para que las nuevas generaciones puedan desarrollarse y tener un mejor futuro dentro de la Argentina\u201d, sostuvo el Jefe de Gobierno. \u201cEste tipo de iniciativas da esperanza de que podemos conectar a los chicos con el mercado del trabajo y a la vez generar incentivos para que puedan volver a tener ganas de creer en el pa\u00eds\u201d, dijo Vidal. A trav\u00e9s de la Ley de Incentivo Joven, la Ciudad de Buenos Aires ofrece una exenci\u00f3n impositiva en Ingresos Brutos por dos a\u00f1os, para impulsar a los que quieran trabajar y emprender en este contexto econ\u00f3mico nacional tan dif\u00edcil.<\/p>\n<p>\u201cDesde la Ciudad tenemos un doble reto: integrar a los j\u00f3venes en el mercado laboral e incentivarlos para que puedan desarrollar su carrera y su proyecto de vida ac\u00e1 en Buenos Aires\u201d, agreg\u00f3 Emmanuel Ferrario. El objetivo de la ley es acompa\u00f1ar a los que quieren desarrollar su carrera y su proyecto de vida en la Ciudad. Durante la charla, los j\u00f3venes contaron lo dif\u00edcil que es insertarse en el mercado laboral y remarcaron la informalidad del sistema. Seg\u00fan el INDEC, 123 mil porte\u00f1os menores de 29 a\u00f1os se encuentran desempleados o en situaciones de empleo inform<\/p>\n<p>Frente a este contexto, una de las herramientas de inserci\u00f3n laboral que tiene el Gobierno porte\u00f1o es el programa Plan Empleo Joven, que comprende una asistencia econ\u00f3mica mensual parcial durante 12 meses para aquellas empresas que sumen empleados de entre 18 y 24 a\u00f1os. En paralelo, el Ministerio de Desarrollo Econ\u00f3mico lleva adelante actividades y capacitaciones para impulsar el desarrollo de emprendimientos en la Ciudad. Por ejemplo, el Programa Academia BA Emprende, activo desde 2014.<\/p>\n<p>La formaci\u00f3n educativa es esencial para otorgar las herramientas necesarias a la hora de enfrentar el mundo laboral. Por eso la Ciudad ofrece cursos de programaci\u00f3n y rob\u00f3tica desde sala de 5, mientras que las clases de ingl\u00e9s se dictan desde primer grado. A partir de este a\u00f1o, el Gobierno porte\u00f1o sum\u00f3 pr\u00e1cticas de formaci\u00f3n financiera y formativas educativas para todos los alumnos de \u00faltimo a\u00f1o que permiten facilitar el puente desde el secundario al mundo laboral y de educaci\u00f3n superior y dar herramientas concretas para todos los que quieran emprender.<\/p>\n<p><strong>Fotos: Magdalena Ahmar Dakno\/GCBA<\/strong><\/p>\n","protected":false},"excerpt":{"rendered":"<p>El jefe de Gobierno de la Ciudad, Horacio Rodr\u00edguez Larreta, junto a la diputada nacional Mar\u00eda Eugenia Vidal, particip\u00f3 este mi\u00e9rcoles de un caf\u00e9 en el barrio de Recoleta con un grupo de j\u00f3venes que est\u00e1n viviendo sus primeras experiencias en el mundo laboral a trav\u00e9s del programa Plan Empleo Joven. Tambi\u00e9n estuvo el vicepresidente [&hellip;]<\/p>\n","protected":false},"author":3,"featured_media":40016,"comment_status":"open","ping_status":"open","sticky":false,"template":"","format":"standard","meta":{"_et_pb_use_builder":"","_et_pb_old_content":"","_et_gb_content_width":"","footnotes":""},"categories":[11,33],"tags":[],"class_list":["post-40015","post","type-post","status-publish","format-standard","has-post-thumbnail","hentry","category-ciudad","category-sociedad-y-cultura-2"],"_links":{"self":[{"href":"https:\/\/vocesdebaires.com.ar\/index.php\/wp-json\/wp\/v2\/posts\/40015"}],"collection":[{"href":"https:\/\/vocesdebaires.com.ar\/index.php\/wp-json\/wp\/v2\/posts"}],"about":[{"href":"https:\/\/vocesdebaires.com.ar\/index.php\/wp-json\/wp\/v2\/types\/post"}],"author":[{"embeddable":true,"href":"https:\/\/vocesdebaires.com.ar\/index.php\/wp-json\/wp\/v2\/users\/3"}],"replies":[{"embeddable":true,"href":"https:\/\/vocesdebaires.com.ar\/index.php\/wp-json\/wp\/v2\/comments?post=40015"}],"version-history":[{"count":1,"href":"https:\/\/vocesdebaires.com.ar\/index.php\/wp-json\/wp\/v2\/posts\/40015\/revisions"}],"predecessor-version":[{"id":40017,"href":"https:\/\/vocesdebaires.com.ar\/index.php\/wp-json\/wp\/v2\/posts\/40015\/revisions\/40017"}],"wp:featuredmedia":[{"embeddable":true,"href":"https:\/\/vocesdebaires.com.ar\/index.php\/wp-json\/wp\/v2\/media\/40016"}],"wp:attachment":[{"href":"https:\/\/vocesdebaires.com.ar\/index.php\/wp-json\/wp\/v2\/media?parent=40015"}],"wp:term":[{"taxonomy":"category","embeddable":true,"href":"https:\/\/vocesdebaires.com.ar\/index.php\/wp-json\/wp\/v2\/categories?post=40015"},{"taxonomy":"post_tag","embeddable":true,"href":"https:\/\/vocesdebaires.com.ar\/index.php\/wp-json\/wp\/v2\/tags?post=40015"}],"curies":[{"name":"wp","href":"https:\/\/api.w.org\/{rel}","templated":true}]}}