{"id":4002,"date":"2019-10-04T03:13:41","date_gmt":"2019-10-04T06:13:41","guid":{"rendered":"http:\/\/vocesdebaires.com.ar\/wordpress\/index.php\/2019\/10\/04\/legislatura-portena-otra-vez-sin-sesionar\/"},"modified":"2019-10-04T03:13:41","modified_gmt":"2019-10-04T06:13:41","slug":"legislatura-portena-otra-vez-sin-sesionar","status":"publish","type":"post","link":"https:\/\/vocesdebaires.com.ar\/index.php\/2019\/10\/04\/legislatura-portena-otra-vez-sin-sesionar\/","title":{"rendered":"Legislatura porte\u00f1a, otra vez sin  sesionar"},"content":{"rendered":"<p>Estando muy pr\u00f3ximo a los comicios que se realizar\u00e1n el 27 de octubre y en el medio de una feroz campa\u00f1a electoral, la Legislatura porte\u00f1a no sesion\u00f3\u00a0 ayer jueves y posterg\u00f3\u00a0 el encuentro en el recinto para el pr\u00f3ximo\u00a0 jueves, en donde se avanzar\u00e1n con la implementaci\u00f3n Ley Micaela .donde se modificaran una serie de modificaciones en el bloque Vamos Juntos.La Ley Nacional N\u00b0 27.499, es m\u00e1s conocida como Ley Micaela, en la cual se prev\u00e9 una capacitaci\u00f3n obligatoria en g\u00e9nero para todas las personas que integran los tres poderes del Estado. La ley lleva el nombre de Micaela Garc\u00eda de 21 a\u00f1os , fue v\u00edctima de femicidio en la provincia de Entre R\u00edos; tras su desaparici\u00f3n y luego de una semana de intensa b\u00fasqueda en abril de 2017, su muerte conmocion\u00f3 al pa\u00eds.<\/p>\n","protected":false},"excerpt":{"rendered":"<p>Estando muy pr\u00f3ximo a los comicios que se realizar\u00e1n el 27 de octubre y en el medio de una feroz campa\u00f1a electoral, la Legislatura porte\u00f1a no sesion\u00f3\u00a0 ayer jueves y posterg\u00f3\u00a0 el encuentro en el recinto para el pr\u00f3ximo\u00a0 jueves, en donde se avanzar\u00e1n con la implementaci\u00f3n Ley Micaela .donde se modificaran una serie de [&hellip;]<\/p>\n","protected":false},"author":1,"featured_media":4003,"comment_status":"open","ping_status":"open","sticky":false,"template":"","format":"standard","meta":{"_et_pb_use_builder":"","_et_pb_old_content":"","_et_gb_content_width":"","footnotes":""},"categories":[11,33],"tags":[],"class_list":["post-4002","post","type-post","status-publish","format-standard","has-post-thumbnail","hentry","category-ciudad","category-sociedad-y-cultura-2"],"_links":{"self":[{"href":"https:\/\/vocesdebaires.com.ar\/index.php\/wp-json\/wp\/v2\/posts\/4002"}],"collection":[{"href":"https:\/\/vocesdebaires.com.ar\/index.php\/wp-json\/wp\/v2\/posts"}],"about":[{"href":"https:\/\/vocesdebaires.com.ar\/index.php\/wp-json\/wp\/v2\/types\/post"}],"author":[{"embeddable":true,"href":"https:\/\/vocesdebaires.com.ar\/index.php\/wp-json\/wp\/v2\/users\/1"}],"replies":[{"embeddable":true,"href":"https:\/\/vocesdebaires.com.ar\/index.php\/wp-json\/wp\/v2\/comments?post=4002"}],"version-history":[{"count":0,"href":"https:\/\/vocesdebaires.com.ar\/index.php\/wp-json\/wp\/v2\/posts\/4002\/revisions"}],"wp:featuredmedia":[{"embeddable":true,"href":"https:\/\/vocesdebaires.com.ar\/index.php\/wp-json\/wp\/v2\/media\/4003"}],"wp:attachment":[{"href":"https:\/\/vocesdebaires.com.ar\/index.php\/wp-json\/wp\/v2\/media?parent=4002"}],"wp:term":[{"taxonomy":"category","embeddable":true,"href":"https:\/\/vocesdebaires.com.ar\/index.php\/wp-json\/wp\/v2\/categories?post=4002"},{"taxonomy":"post_tag","embeddable":true,"href":"https:\/\/vocesdebaires.com.ar\/index.php\/wp-json\/wp\/v2\/tags?post=4002"}],"curies":[{"name":"wp","href":"https:\/\/api.w.org\/{rel}","templated":true}]}}