{"id":40021,"date":"2022-08-25T00:23:59","date_gmt":"2022-08-25T03:23:59","guid":{"rendered":"https:\/\/vocesdebaires.com.ar\/?p=40021"},"modified":"2022-08-25T00:23:59","modified_gmt":"2022-08-25T03:23:59","slug":"ciudadlos-legisladores-destacaron-al-fotografo-gabriel-rocca","status":"publish","type":"post","link":"https:\/\/vocesdebaires.com.ar\/index.php\/2022\/08\/25\/ciudadlos-legisladores-destacaron-al-fotografo-gabriel-rocca\/","title":{"rendered":"Ciudad:Los legisladores destacaron al fot\u00f3grafo Gabriel Rocca"},"content":{"rendered":"<p>La Legislatura de la Ciudad celebr\u00f3 ayer por la tarde varias actividades culturales. La primera de ellas se llev\u00f3 a cabo en el sal\u00f3n Dorado Hip\u00f3lito Yrigoyen donde se declar\u00f3 como Personalidad Destacada en el \u00e1mbito de la cultura al fot\u00f3grafo Gabriel Rocca. Del acto participaron el vicepresidente 3\u00b0 y autor del proyecto Roy Cortina, el ministro de Cultura porte\u00f1o Enrique Avogadro y los periodistas Carla Rodr\u00edguez y Osvaldo Marzullo entre otros. Al inaugurar el acto,el legislador porte\u00f1o Roy Cortina afirm\u00f3: \u201cA pesar de ser autodidacta, Gabriel hab\u00eda desarrollado conocimiento de la fotograf\u00eda anal\u00f3gica y mostraba tener las aptitudes necesarias para ser un gran artista de la imagen\u201d.<\/p>\n<p>Tambi\u00e9n destac\u00f3 su compromiso social por las muestras \u201cRetratos de cuarentena\u201d y \u201cH\u00e9roes de pandemia\u201d, en donde el artista retrat\u00f3 a los trabajadores esenciales \u201cque trabajaron en la primera l\u00ednea de contenci\u00f3n en la pandemia por el COVID-19\u201d. Por su parte, Rocca agradeci\u00f3 a la Legislatura y \u201ca los personajes que tuvo delante de c\u00e1mara por dejarse atravesar por la luz\u201d. A su vez, sintetiz\u00f3 que la fotograf\u00eda \u201ces un instante que nos lleva y nos recuerda algo tan fuerte\u201d. Y agreg\u00f3: \u201cvaloro este halago, que es para la fotograf\u00eda y la imagen, que es un arte, un movimiento y una expresi\u00f3n tan querida y apasionada\u201d.<\/p>\n<p>En tanto que Avogadro declar\u00f3: \u201cGabriel transform\u00f3 la memoria visual que tenemos en la Ciudad de Buenos Aires. Sin tu obra tendr\u00edamos una memoria visual mucho m\u00e1s pobre\u201d. A su vez, agreg\u00f3 que el trabajo de Rocca es parte del patrimonio cultural de la ciudad. Luego, Rodr\u00edguez resalt\u00f3 que Rocca retrat\u00f3 \u201ccomo nadie a m\u00fasicos, actrices, modelos, actores, deportistas y toda clase de celebridades\u201d y que por su lente pas\u00f3 \u201ctodo el rock de los ochenta y la moda de los 90\u201d. Mientras que Marzullo record\u00f3 sus a\u00f1os de redacci\u00f3n y coberturas junto al agasajado. \u201cLas fotos de Gabriel tienen m\u00fasica\u201d, concluy\u00f3.<\/p>\n<p>Gabriel Rocca es uno de los fot\u00f3grafos de mayor prestigio en el pa\u00eds. Con su lente retrat\u00f3 a grandes \u00edconos y celebridades de la cultura popular como Charly Garc\u00eda, Luis Alberto Spinetta, Graciela Borges, Ricardo Dar\u00edn, Pappo, Valeria Mazza, Susana Gim\u00e9nez y ha sido el responsable de los retratos m\u00e1s emblem\u00e1ticos de Diego Maradona y Gustavo Cerati. Adem\u00e1s es el responsable de varias tapas de discos como Los chicos quieren rock de Ratones Paranoicos, El sat\u00e1nico Dr. Cadillac de Los Fabulosos Cadillacs y Colores Santos de Gustavo Cerati y Daniel Melero, entre otros. Y comparti\u00f3 mesa con Freddie Mercury y Whitesnake en el primer Festival Rock in R\u00edo de 1985.<\/p>\n","protected":false},"excerpt":{"rendered":"<p>La Legislatura de la Ciudad celebr\u00f3 ayer por la tarde varias actividades culturales. La primera de ellas se llev\u00f3 a cabo en el sal\u00f3n Dorado Hip\u00f3lito Yrigoyen donde se declar\u00f3 como Personalidad Destacada en el \u00e1mbito de la cultura al fot\u00f3grafo Gabriel Rocca. Del acto participaron el vicepresidente 3\u00b0 y autor del proyecto Roy Cortina, [&hellip;]<\/p>\n","protected":false},"author":3,"featured_media":40022,"comment_status":"open","ping_status":"open","sticky":false,"template":"","format":"standard","meta":{"_et_pb_use_builder":"","_et_pb_old_content":"","_et_gb_content_width":"","footnotes":""},"categories":[11,33],"tags":[],"class_list":["post-40021","post","type-post","status-publish","format-standard","has-post-thumbnail","hentry","category-ciudad","category-sociedad-y-cultura-2"],"_links":{"self":[{"href":"https:\/\/vocesdebaires.com.ar\/index.php\/wp-json\/wp\/v2\/posts\/40021"}],"collection":[{"href":"https:\/\/vocesdebaires.com.ar\/index.php\/wp-json\/wp\/v2\/posts"}],"about":[{"href":"https:\/\/vocesdebaires.com.ar\/index.php\/wp-json\/wp\/v2\/types\/post"}],"author":[{"embeddable":true,"href":"https:\/\/vocesdebaires.com.ar\/index.php\/wp-json\/wp\/v2\/users\/3"}],"replies":[{"embeddable":true,"href":"https:\/\/vocesdebaires.com.ar\/index.php\/wp-json\/wp\/v2\/comments?post=40021"}],"version-history":[{"count":1,"href":"https:\/\/vocesdebaires.com.ar\/index.php\/wp-json\/wp\/v2\/posts\/40021\/revisions"}],"predecessor-version":[{"id":40023,"href":"https:\/\/vocesdebaires.com.ar\/index.php\/wp-json\/wp\/v2\/posts\/40021\/revisions\/40023"}],"wp:featuredmedia":[{"embeddable":true,"href":"https:\/\/vocesdebaires.com.ar\/index.php\/wp-json\/wp\/v2\/media\/40022"}],"wp:attachment":[{"href":"https:\/\/vocesdebaires.com.ar\/index.php\/wp-json\/wp\/v2\/media?parent=40021"}],"wp:term":[{"taxonomy":"category","embeddable":true,"href":"https:\/\/vocesdebaires.com.ar\/index.php\/wp-json\/wp\/v2\/categories?post=40021"},{"taxonomy":"post_tag","embeddable":true,"href":"https:\/\/vocesdebaires.com.ar\/index.php\/wp-json\/wp\/v2\/tags?post=40021"}],"curies":[{"name":"wp","href":"https:\/\/api.w.org\/{rel}","templated":true}]}}