{"id":40024,"date":"2022-08-25T00:26:30","date_gmt":"2022-08-25T03:26:30","guid":{"rendered":"https:\/\/vocesdebaires.com.ar\/?p=40024"},"modified":"2022-08-25T00:26:30","modified_gmt":"2022-08-25T03:26:30","slug":"ciudad-declaracion-de-la-muestra-fotografica-puentes-de-luz-rio-y-chapa","status":"publish","type":"post","link":"https:\/\/vocesdebaires.com.ar\/index.php\/2022\/08\/25\/ciudad-declaracion-de-la-muestra-fotografica-puentes-de-luz-rio-y-chapa\/","title":{"rendered":"Ciudad: Declaraci\u00f3n de la muestra fotogr\u00e1fica Puentes de luz, r\u00edo y chapa"},"content":{"rendered":"<p>En el sal\u00f3n San Mart\u00edn ayer fue sede de la declaraci\u00f3n de Inter\u00e9s Cultural a la muestra fotogr\u00e1fica \u201cPuentes de luz, r\u00edo y chapa, una mirada sobre el barrio de La Boca\u201d. En el encuentro participaron la autora de la iniciativa y legisladora Mar\u00eda Patricia Vischi (UCR\/Evoluci\u00f3n) y el artista y creador de la puesta Sebasti\u00e1n Germinario. La legisladora porte\u00f1a tom\u00f3 la palabra y continu\u00f3 festejando el aniversario de La Boca en la Legislatura de la Ciudad.<\/p>\n<p>En el mismo sentido, expres\u00f3: \u201ccelebramos el legado de la herencia de las familias boquenses y su identidad\u201d. Despu\u00e9s, Germinario sostuvo que La Boca es \u201cresistencia constante\u201d, un barrio en lucha y movimiento permanente. Adem\u00e1s afirm\u00f3 que el r\u00edo del sur de la ciudad expresa su sentir y que la muestra denota la esencia pura boquense. La obra se compone de 36 fotograf\u00edas de toma directa digital de medidas variables, que conforman un recorrido visual por el barrio de La Boca. En la que el artista Sebasti\u00e1n Germinario posa su mirada en los detalles propios de diversas manzanas de la zona. Y conjugan, de este modo, un di\u00e1logo entre la arquitectura, los vecinos y el r\u00edo como s\u00edmbolo de nuestra ciudad.<\/p>\n","protected":false},"excerpt":{"rendered":"<p>En el sal\u00f3n San Mart\u00edn ayer fue sede de la declaraci\u00f3n de Inter\u00e9s Cultural a la muestra fotogr\u00e1fica \u201cPuentes de luz, r\u00edo y chapa, una mirada sobre el barrio de La Boca\u201d. En el encuentro participaron la autora de la iniciativa y legisladora Mar\u00eda Patricia Vischi (UCR\/Evoluci\u00f3n) y el artista y creador de la puesta [&hellip;]<\/p>\n","protected":false},"author":3,"featured_media":40025,"comment_status":"open","ping_status":"open","sticky":false,"template":"","format":"standard","meta":{"_et_pb_use_builder":"","_et_pb_old_content":"","_et_gb_content_width":"","footnotes":""},"categories":[11,33],"tags":[],"class_list":["post-40024","post","type-post","status-publish","format-standard","has-post-thumbnail","hentry","category-ciudad","category-sociedad-y-cultura-2"],"_links":{"self":[{"href":"https:\/\/vocesdebaires.com.ar\/index.php\/wp-json\/wp\/v2\/posts\/40024"}],"collection":[{"href":"https:\/\/vocesdebaires.com.ar\/index.php\/wp-json\/wp\/v2\/posts"}],"about":[{"href":"https:\/\/vocesdebaires.com.ar\/index.php\/wp-json\/wp\/v2\/types\/post"}],"author":[{"embeddable":true,"href":"https:\/\/vocesdebaires.com.ar\/index.php\/wp-json\/wp\/v2\/users\/3"}],"replies":[{"embeddable":true,"href":"https:\/\/vocesdebaires.com.ar\/index.php\/wp-json\/wp\/v2\/comments?post=40024"}],"version-history":[{"count":1,"href":"https:\/\/vocesdebaires.com.ar\/index.php\/wp-json\/wp\/v2\/posts\/40024\/revisions"}],"predecessor-version":[{"id":40026,"href":"https:\/\/vocesdebaires.com.ar\/index.php\/wp-json\/wp\/v2\/posts\/40024\/revisions\/40026"}],"wp:featuredmedia":[{"embeddable":true,"href":"https:\/\/vocesdebaires.com.ar\/index.php\/wp-json\/wp\/v2\/media\/40025"}],"wp:attachment":[{"href":"https:\/\/vocesdebaires.com.ar\/index.php\/wp-json\/wp\/v2\/media?parent=40024"}],"wp:term":[{"taxonomy":"category","embeddable":true,"href":"https:\/\/vocesdebaires.com.ar\/index.php\/wp-json\/wp\/v2\/categories?post=40024"},{"taxonomy":"post_tag","embeddable":true,"href":"https:\/\/vocesdebaires.com.ar\/index.php\/wp-json\/wp\/v2\/tags?post=40024"}],"curies":[{"name":"wp","href":"https:\/\/api.w.org\/{rel}","templated":true}]}}