{"id":40027,"date":"2022-08-25T00:28:40","date_gmt":"2022-08-25T03:28:40","guid":{"rendered":"https:\/\/vocesdebaires.com.ar\/?p=40027"},"modified":"2022-08-25T00:28:40","modified_gmt":"2022-08-25T03:28:40","slug":"ciudadpersonalidad-destacada-aberastury-recibio-el-diploma","status":"publish","type":"post","link":"https:\/\/vocesdebaires.com.ar\/index.php\/2022\/08\/25\/ciudadpersonalidad-destacada-aberastury-recibio-el-diploma\/","title":{"rendered":"Ciudad:Personalidad Destacada Aberastury recibi\u00f3 el diploma"},"content":{"rendered":"<p>La Legislatura porte\u00f1a entreg\u00f3 la distinci\u00f3n que reconoce como Personalidad Destacada de la Ciudad Aut\u00f3noma de Buenos Aires en el \u00e1mbito de las Ciencias Jur\u00eddicas al Dr. Pedro Aberastury. El acto se llev\u00f3 a cabo en el Sal\u00f3n \u00abPresidente Alfons\u00edn\u00bb y cont\u00f3 con la presencia del legislador, vicepresidente 2\u00b0 e impulsor del proyecto, Mart\u00edn Ocampo (UCR\/Evoluci\u00f3n); el presidente de la Academia Nacional de Ciencias Morales y Pol\u00edticas, Dr. Alberto Dalla V\u00eda, y el homenajeado.<\/p>\n<p>Al iniciar las alocuciones, el legislador porte\u00f1o Ocampo afirm\u00f3 que Aberastury es una persona que genera y divulga conocimientos, una acci\u00f3n que hace que \u201ctoda una sociedad crezca\u201d. \u201cPedro sin lugar a dudas es un merecedor de \u00e9ste premio. Son muchos a\u00f1os dedicados a la docencia y a las actividades vinculadas al derecho. Y sobre todas las cosas, distinguimos a una persona de bien\u201d, agreg\u00f3 el legislador.<\/p>\n<p>A continuaci\u00f3n, Dalla V\u00eda resalt\u00f3: \u201cdistinguir a un hombre de derecho es tambi\u00e9n un tributo al Estado constitucional y democr\u00e1tico de derecho en el que todos anhelamos vivir\u201d. A la vez, afirm\u00f3 que la menci\u00f3n es un premio a los que \u201cconstruyen pacientemente a trav\u00e9s del m\u00e9rito, siguiendo las reglas \u00e9ticas\u201d. Finalmente, Aberastury agradeci\u00f3 tanto a la Legislatura como as\u00ed tambi\u00e9n la presencia de familiares, amigos y colegas. \u201cReconozco que esta especialidad me dio much\u00edsimas satisfacciones\u201d, concluy\u00f3 el homenajeado.<\/p>\n<p>El letrado egres\u00f3 de la Facultad de Derecho de la Universidad de Buenos Aires, en la especialidad de derecho administrativo. Se desempe\u00f1\u00f3 como titular de la materia \u00abResponsabilidad del Estado\u00bb en la Escuela del Cuerpo de Abogados del Estado de la Procuraci\u00f3n del Tesoro de la Naci\u00f3n. Y como docente titular de Derecho Administrativo en la Universidad de Belgrano, donde fue Decano de la Escuela de Posgrado en Derecho. Tambi\u00e9n es co-redactor del C\u00f3digo Modelo Euroamericano de la Jurisdicci\u00f3n Administrativa, dentro del grupo de investigaci\u00f3n de la Universidad Federal Fluminense \u2013Brasil- y de Speyer, Alemania.<\/p>\n<p>Actualmente dirige la Revista Jur\u00eddica de Buenos Aires de la Facultad de Derecho &#8211; UBA e integra el Consejo de Redacci\u00f3n de la Revista Derecho Administrativo. Adem\u00e1s es miembro de la Academia Internacional de Derecho Comparado y de la Asociaci\u00f3n Argentina de Derecho Comparado. Sus \u00faltimas publicaciones son \u00abMedidas Cautelares contra el Estado Nacional\u00bb (2021) y \u00abCurso de Procedimiento Administrativo\u00bb (2022).<\/p>\n","protected":false},"excerpt":{"rendered":"<p>La Legislatura porte\u00f1a entreg\u00f3 la distinci\u00f3n que reconoce como Personalidad Destacada de la Ciudad Aut\u00f3noma de Buenos Aires en el \u00e1mbito de las Ciencias Jur\u00eddicas al Dr. Pedro Aberastury. El acto se llev\u00f3 a cabo en el Sal\u00f3n \u00abPresidente Alfons\u00edn\u00bb y cont\u00f3 con la presencia del legislador, vicepresidente 2\u00b0 e impulsor del proyecto, Mart\u00edn Ocampo [&hellip;]<\/p>\n","protected":false},"author":3,"featured_media":40028,"comment_status":"open","ping_status":"open","sticky":false,"template":"","format":"standard","meta":{"_et_pb_use_builder":"","_et_pb_old_content":"","_et_gb_content_width":"","footnotes":""},"categories":[11,33],"tags":[],"class_list":["post-40027","post","type-post","status-publish","format-standard","has-post-thumbnail","hentry","category-ciudad","category-sociedad-y-cultura-2"],"_links":{"self":[{"href":"https:\/\/vocesdebaires.com.ar\/index.php\/wp-json\/wp\/v2\/posts\/40027"}],"collection":[{"href":"https:\/\/vocesdebaires.com.ar\/index.php\/wp-json\/wp\/v2\/posts"}],"about":[{"href":"https:\/\/vocesdebaires.com.ar\/index.php\/wp-json\/wp\/v2\/types\/post"}],"author":[{"embeddable":true,"href":"https:\/\/vocesdebaires.com.ar\/index.php\/wp-json\/wp\/v2\/users\/3"}],"replies":[{"embeddable":true,"href":"https:\/\/vocesdebaires.com.ar\/index.php\/wp-json\/wp\/v2\/comments?post=40027"}],"version-history":[{"count":1,"href":"https:\/\/vocesdebaires.com.ar\/index.php\/wp-json\/wp\/v2\/posts\/40027\/revisions"}],"predecessor-version":[{"id":40029,"href":"https:\/\/vocesdebaires.com.ar\/index.php\/wp-json\/wp\/v2\/posts\/40027\/revisions\/40029"}],"wp:featuredmedia":[{"embeddable":true,"href":"https:\/\/vocesdebaires.com.ar\/index.php\/wp-json\/wp\/v2\/media\/40028"}],"wp:attachment":[{"href":"https:\/\/vocesdebaires.com.ar\/index.php\/wp-json\/wp\/v2\/media?parent=40027"}],"wp:term":[{"taxonomy":"category","embeddable":true,"href":"https:\/\/vocesdebaires.com.ar\/index.php\/wp-json\/wp\/v2\/categories?post=40027"},{"taxonomy":"post_tag","embeddable":true,"href":"https:\/\/vocesdebaires.com.ar\/index.php\/wp-json\/wp\/v2\/tags?post=40027"}],"curies":[{"name":"wp","href":"https:\/\/api.w.org\/{rel}","templated":true}]}}