{"id":40030,"date":"2022-08-25T00:30:40","date_gmt":"2022-08-25T03:30:40","guid":{"rendered":"https:\/\/vocesdebaires.com.ar\/?p=40030"},"modified":"2022-08-25T00:30:40","modified_gmt":"2022-08-25T03:30:40","slug":"en-la-ciudadexposicion-de-trabajadores-de-la-legislatura","status":"publish","type":"post","link":"https:\/\/vocesdebaires.com.ar\/index.php\/2022\/08\/25\/en-la-ciudadexposicion-de-trabajadores-de-la-legislatura\/","title":{"rendered":"En la ciudad:Exposici\u00f3n de Trabajadores de la Legislatura"},"content":{"rendered":"<p>En el d\u00eda de ayer por la tarde , en la Sala de Exposiciones Manuel Belgrano se inaugur\u00f3 la VI Muestra Anual de Artes Visuales de las y los trabajadores de la Legislatura. A trav\u00e9s de las pr\u00e1cticas art\u00edsticas como los dibujos, la fotograf\u00eda, pintura y grabados, la puesta busca convertirse en un espacio plural de creatividad, participaci\u00f3n e interacci\u00f3n de una instituci\u00f3n din\u00e1mica e inclusiva. La lista de expositores est\u00e1 conformada por Laura Palmiotti, Daniela Mart\u00ednez Darriba, Valentina Mella, Rodolfo Barrag\u00e1n, Enrique Blanco, Hern\u00e1n Carlos Cisale, \u00c1ngela Di Paolo, Sebasti\u00e1n Gallo, Javier Garc\u00eda, Natalia Incolla Garay, Adriana Rosa Ohannessian, Andr\u00e9s P\u00e9rez Moreno y Karina Rivero. Adem\u00e1s se brind\u00f3 un n\u00famero musical a cargo de Ariel Mase (saxof\u00f3n), Mariano Camps (teclado), V\u00edctor Omar Saavedra (bajo), Rodrigo Emanuel Ram\u00edrez (percusi\u00f3n) y Carlos Carmona (guitarra y direcci\u00f3n). La muestra podr\u00e1 visitarse desde el 25 de agosto hasta el 7 de septiembre, de lunes a viernes de 10 a 19 hs. Con entrada libre y gratuita.<\/p>\n","protected":false},"excerpt":{"rendered":"<p>En el d\u00eda de ayer por la tarde , en la Sala de Exposiciones Manuel Belgrano se inaugur\u00f3 la VI Muestra Anual de Artes Visuales de las y los trabajadores de la Legislatura. A trav\u00e9s de las pr\u00e1cticas art\u00edsticas como los dibujos, la fotograf\u00eda, pintura y grabados, la puesta busca convertirse en un espacio plural [&hellip;]<\/p>\n","protected":false},"author":3,"featured_media":40031,"comment_status":"open","ping_status":"open","sticky":false,"template":"","format":"standard","meta":{"_et_pb_use_builder":"","_et_pb_old_content":"","_et_gb_content_width":"","footnotes":""},"categories":[11,33],"tags":[],"class_list":["post-40030","post","type-post","status-publish","format-standard","has-post-thumbnail","hentry","category-ciudad","category-sociedad-y-cultura-2"],"_links":{"self":[{"href":"https:\/\/vocesdebaires.com.ar\/index.php\/wp-json\/wp\/v2\/posts\/40030"}],"collection":[{"href":"https:\/\/vocesdebaires.com.ar\/index.php\/wp-json\/wp\/v2\/posts"}],"about":[{"href":"https:\/\/vocesdebaires.com.ar\/index.php\/wp-json\/wp\/v2\/types\/post"}],"author":[{"embeddable":true,"href":"https:\/\/vocesdebaires.com.ar\/index.php\/wp-json\/wp\/v2\/users\/3"}],"replies":[{"embeddable":true,"href":"https:\/\/vocesdebaires.com.ar\/index.php\/wp-json\/wp\/v2\/comments?post=40030"}],"version-history":[{"count":1,"href":"https:\/\/vocesdebaires.com.ar\/index.php\/wp-json\/wp\/v2\/posts\/40030\/revisions"}],"predecessor-version":[{"id":40032,"href":"https:\/\/vocesdebaires.com.ar\/index.php\/wp-json\/wp\/v2\/posts\/40030\/revisions\/40032"}],"wp:featuredmedia":[{"embeddable":true,"href":"https:\/\/vocesdebaires.com.ar\/index.php\/wp-json\/wp\/v2\/media\/40031"}],"wp:attachment":[{"href":"https:\/\/vocesdebaires.com.ar\/index.php\/wp-json\/wp\/v2\/media?parent=40030"}],"wp:term":[{"taxonomy":"category","embeddable":true,"href":"https:\/\/vocesdebaires.com.ar\/index.php\/wp-json\/wp\/v2\/categories?post=40030"},{"taxonomy":"post_tag","embeddable":true,"href":"https:\/\/vocesdebaires.com.ar\/index.php\/wp-json\/wp\/v2\/tags?post=40030"}],"curies":[{"name":"wp","href":"https:\/\/api.w.org\/{rel}","templated":true}]}}