{"id":40033,"date":"2022-08-25T00:32:54","date_gmt":"2022-08-25T03:32:54","guid":{"rendered":"https:\/\/vocesdebaires.com.ar\/?p=40033"},"modified":"2022-08-25T00:33:38","modified_gmt":"2022-08-25T03:33:38","slug":"amiaagenda-cultural-de-septiembredestacados-artistas-actuaran-en-el-auditorio","status":"publish","type":"post","link":"https:\/\/vocesdebaires.com.ar\/index.php\/2022\/08\/25\/amiaagenda-cultural-de-septiembredestacados-artistas-actuaran-en-el-auditorio\/","title":{"rendered":"AMIA:Agenda cultural ,destacados artistas actuar\u00e1n en el auditorio"},"content":{"rendered":"<p>El departamento de Cultura de AMIA sigue presentando una variada y completa agenda de actividades para poder realizar de manera presencial. El pr\u00f3ximo mes, en el auditorio de la sede de Pasteur 633, subir\u00e1n al escenario el conjunto de \u201cBaires sinf\u00f3nica\u201d y la \u00f3pera \u201cUn ballo in maschera\u201d. A trav\u00e9s del sitio web www.cultura.amia.org.ar, las personas interesadas podr\u00e1n adquirir las entradas para participar de las propuestas que se desarrollar\u00e1n durante septiembre.<\/p>\n<p>Para los amantes de la m\u00fasica, el jueves 8 de septiembre, a las 20, se presentar\u00e1 \u201cBaires sinf\u00f3nica\u201d. Con veinticinco artistas en escena, el ensamble interpretar\u00e1 un repertorio de melod\u00edas cl\u00e1sicas, modernas y de reconocidas pel\u00edculas. La propuesta, dirigida por Jorge Manfredini, cuenta con la participaci\u00f3n de cantantes l\u00edricos, que estar\u00e1n acompa\u00f1ados de una orquesta que ejecutar\u00e1 instrumentos de cuerdas, vientos, percusi\u00f3n y teclado.<\/p>\n<p>Por otro lado, se podr\u00e1 ver la \u00f3pera \u201cUn ballo in maschera\u201d, que relata el hecho hist\u00f3rico del asesinato del rey de Suecia, Gustavo III, en un baile de m\u00e1scaras en 1972. El espect\u00e1culo, que tendr\u00e1 lugar el lunes 12 de septiembre, a las 20, ofrece una reflexi\u00f3n sobre la amistad, la pasi\u00f3n, la renuncia por amor y la lealtad. \u00abUna mirada a los enmascaramientos cotidianos de los seres humanos\u00bb, definieron los organizadores. Desde el \u00e1rea de Cultura se inform\u00f3 que el ingreso a la sala es por orden de llegada. Al momento del acceso, es requisito presentar el DNI o el pasaporte vigente, y la entrada impresa o en formato digital.<\/p>\n","protected":false},"excerpt":{"rendered":"<p>El departamento de Cultura de AMIA sigue presentando una variada y completa agenda de actividades para poder realizar de manera presencial. El pr\u00f3ximo mes, en el auditorio de la sede de Pasteur 633, subir\u00e1n al escenario el conjunto de \u201cBaires sinf\u00f3nica\u201d y la \u00f3pera \u201cUn ballo in maschera\u201d. A trav\u00e9s del sitio web www.cultura.amia.org.ar, las [&hellip;]<\/p>\n","protected":false},"author":3,"featured_media":40034,"comment_status":"open","ping_status":"open","sticky":false,"template":"","format":"standard","meta":{"_et_pb_use_builder":"","_et_pb_old_content":"","_et_gb_content_width":"","footnotes":""},"categories":[11,33],"tags":[],"class_list":["post-40033","post","type-post","status-publish","format-standard","has-post-thumbnail","hentry","category-ciudad","category-sociedad-y-cultura-2"],"_links":{"self":[{"href":"https:\/\/vocesdebaires.com.ar\/index.php\/wp-json\/wp\/v2\/posts\/40033"}],"collection":[{"href":"https:\/\/vocesdebaires.com.ar\/index.php\/wp-json\/wp\/v2\/posts"}],"about":[{"href":"https:\/\/vocesdebaires.com.ar\/index.php\/wp-json\/wp\/v2\/types\/post"}],"author":[{"embeddable":true,"href":"https:\/\/vocesdebaires.com.ar\/index.php\/wp-json\/wp\/v2\/users\/3"}],"replies":[{"embeddable":true,"href":"https:\/\/vocesdebaires.com.ar\/index.php\/wp-json\/wp\/v2\/comments?post=40033"}],"version-history":[{"count":2,"href":"https:\/\/vocesdebaires.com.ar\/index.php\/wp-json\/wp\/v2\/posts\/40033\/revisions"}],"predecessor-version":[{"id":40036,"href":"https:\/\/vocesdebaires.com.ar\/index.php\/wp-json\/wp\/v2\/posts\/40033\/revisions\/40036"}],"wp:featuredmedia":[{"embeddable":true,"href":"https:\/\/vocesdebaires.com.ar\/index.php\/wp-json\/wp\/v2\/media\/40034"}],"wp:attachment":[{"href":"https:\/\/vocesdebaires.com.ar\/index.php\/wp-json\/wp\/v2\/media?parent=40033"}],"wp:term":[{"taxonomy":"category","embeddable":true,"href":"https:\/\/vocesdebaires.com.ar\/index.php\/wp-json\/wp\/v2\/categories?post=40033"},{"taxonomy":"post_tag","embeddable":true,"href":"https:\/\/vocesdebaires.com.ar\/index.php\/wp-json\/wp\/v2\/tags?post=40033"}],"curies":[{"name":"wp","href":"https:\/\/api.w.org\/{rel}","templated":true}]}}