{"id":40042,"date":"2022-08-26T00:00:44","date_gmt":"2022-08-26T03:00:44","guid":{"rendered":"https:\/\/vocesdebaires.com.ar\/?p=40042"},"modified":"2022-08-25T20:27:19","modified_gmt":"2022-08-25T23:27:19","slug":"llega-el-paseo-de-la-musicafestival-comercial-de-instrumentos-musicales","status":"publish","type":"post","link":"https:\/\/vocesdebaires.com.ar\/index.php\/2022\/08\/26\/llega-el-paseo-de-la-musicafestival-comercial-de-instrumentos-musicales\/","title":{"rendered":"Llega el Paseo de la M\u00fasica,festival comercial de instrumentos musicales"},"content":{"rendered":"<p>El s\u00e1bado 3 de septiembre se realizar\u00e1 la primera edici\u00f3n del Paseo de la M\u00fasica, un festival de shows art\u00edsticos y descuentos en instrumentos musicales. La iniciativa se llevar\u00e1 a cabo en el eje de las calles Callao, Corrientes, Talcahuano y Bartolom\u00e9 Mitre, una zona tradicionalmente vinculada a casas de venta de art\u00edculos musicales, en el barrio de San Nicol\u00e1s, Comuna 1. El cierre del evento contar\u00e1 con un show de Lito Vitale junto a Hilda Lizarazu en la explanada del Centro Cultural San Mart\u00edn.<\/p>\n<p>El Paseo de la M\u00fasica es una actividad que forma parte de \u201cPuntos de Reactivaci\u00f3n Econ\u00f3mica\u201d, un programa organizado por el Ministerio de Desarrollo Econ\u00f3mico y Producci\u00f3n a trav\u00e9s de la Subsecretar\u00eda de Cooperaci\u00f3n para el Desarrollo Econ\u00f3mico y la Producci\u00f3n, que tiene por objetivo realizar acciones art\u00edsticas y de promoci\u00f3n comercial para asistir, reactivar y dinamizar sectores que sufrieron el impacto de la pandemia y la crisis econ\u00f3mica. \u201cQueremos poner en escena nuevamente esta zona comercial, que los vecinos conozcan todo lo que los locales tienen para ofrecer y se convierta en un paseo para vecinos y turistas\u201d, sostuvo el ministro de Desarrollo Econ\u00f3mico y Producci\u00f3n, Jos\u00e9 Luis Giusti.<\/p>\n<p>En el festival, que es totalmente p\u00fablico y gratuito, habr\u00e1 5 escenarios con shows en vivo, charlas y descuentos en comercios de venta de art\u00edculos musicales. Adem\u00e1s, los vecinos podr\u00e1n acceder gratis al Museo Beatle del Paseo la Plaza y contar\u00e1n con promociones en los locales gastron\u00f3micos de la zona. Pod\u00e9s consultar la programaci\u00f3n completa en el siguiente link. En caso de lluvia, el evento se realizar\u00e1 el s\u00e1bado 17\/09.<\/p>\n<p>Carlos Macchi, subsecretario de Cooperaci\u00f3n para el Desarrollo Econ\u00f3mico y la Producci\u00f3n, expres\u00f3 por su parte: \u201cEste programa busca transformar al \u201cPaseo de la M\u00fasica\u02dd en una acci\u00f3n recurrente que ayude a dinamizar la actividad econ\u00f3mica en la red de negocios que se dedican a la venta de instrumentos musicales y al mismo tiempo promover las ofertas en los rubros gastron\u00f3mico y hotelero del barrio San Nicol\u00e1s\u201d.<\/p>\n<p>Esta primera edici\u00f3n del \u201cPaseo de la M\u00fasica\u201d cuenta con el apoyo de BA Capital Gastron\u00f3mica, un programa de gobierno que busca posicionar a la Ciudad de Buenos Aires como capital gastron\u00f3mica de Am\u00e9rica Latina. Su objetivo es potenciar la actividad econ\u00f3mica a trav\u00e9s del desarrollo gastron\u00f3mico porte\u00f1o, desde la generaci\u00f3n de empleo y la promoci\u00f3n de pol\u00edticas alimentarias sostenibles.<\/p>\n<p>Tambi\u00e9n participa el Ministerio de Cultura a trav\u00e9s del Centro Cultural San Mart\u00edn, la Direcci\u00f3n General de Desarrollo Cultural y Creativo, la plataforma Impulso Cultural a trav\u00e9s de BAFIM (Feria Internacional de M\u00fasica de Buenos Aires) y el programa \u201cPase Cultural\u201d, la Subsecretar\u00eda de Micro, Peque\u00f1as y Medianas Empresas, del Ministerio de Desarrollo Econ\u00f3mico y Producci\u00f3n, CAFIM (C\u00e1mara Argentina de Fabricantes de Instrumentos Musicales) y FECOBA (Federaci\u00f3n de Comercio e Industria de Buenos Aires).<\/p>\n","protected":false},"excerpt":{"rendered":"<p>El s\u00e1bado 3 de septiembre se realizar\u00e1 la primera edici\u00f3n del Paseo de la M\u00fasica, un festival de shows art\u00edsticos y descuentos en instrumentos musicales. La iniciativa se llevar\u00e1 a cabo en el eje de las calles Callao, Corrientes, Talcahuano y Bartolom\u00e9 Mitre, una zona tradicionalmente vinculada a casas de venta de art\u00edculos musicales, en [&hellip;]<\/p>\n","protected":false},"author":2,"featured_media":40043,"comment_status":"open","ping_status":"open","sticky":false,"template":"","format":"standard","meta":{"_et_pb_use_builder":"","_et_pb_old_content":"","_et_gb_content_width":"","footnotes":""},"categories":[11,33],"tags":[],"class_list":["post-40042","post","type-post","status-publish","format-standard","has-post-thumbnail","hentry","category-ciudad","category-sociedad-y-cultura-2"],"_links":{"self":[{"href":"https:\/\/vocesdebaires.com.ar\/index.php\/wp-json\/wp\/v2\/posts\/40042"}],"collection":[{"href":"https:\/\/vocesdebaires.com.ar\/index.php\/wp-json\/wp\/v2\/posts"}],"about":[{"href":"https:\/\/vocesdebaires.com.ar\/index.php\/wp-json\/wp\/v2\/types\/post"}],"author":[{"embeddable":true,"href":"https:\/\/vocesdebaires.com.ar\/index.php\/wp-json\/wp\/v2\/users\/2"}],"replies":[{"embeddable":true,"href":"https:\/\/vocesdebaires.com.ar\/index.php\/wp-json\/wp\/v2\/comments?post=40042"}],"version-history":[{"count":1,"href":"https:\/\/vocesdebaires.com.ar\/index.php\/wp-json\/wp\/v2\/posts\/40042\/revisions"}],"predecessor-version":[{"id":40044,"href":"https:\/\/vocesdebaires.com.ar\/index.php\/wp-json\/wp\/v2\/posts\/40042\/revisions\/40044"}],"wp:featuredmedia":[{"embeddable":true,"href":"https:\/\/vocesdebaires.com.ar\/index.php\/wp-json\/wp\/v2\/media\/40043"}],"wp:attachment":[{"href":"https:\/\/vocesdebaires.com.ar\/index.php\/wp-json\/wp\/v2\/media?parent=40042"}],"wp:term":[{"taxonomy":"category","embeddable":true,"href":"https:\/\/vocesdebaires.com.ar\/index.php\/wp-json\/wp\/v2\/categories?post=40042"},{"taxonomy":"post_tag","embeddable":true,"href":"https:\/\/vocesdebaires.com.ar\/index.php\/wp-json\/wp\/v2\/tags?post=40042"}],"curies":[{"name":"wp","href":"https:\/\/api.w.org\/{rel}","templated":true}]}}