{"id":40054,"date":"2022-08-26T00:00:33","date_gmt":"2022-08-26T03:00:33","guid":{"rendered":"https:\/\/vocesdebaires.com.ar\/?p=40054"},"modified":"2022-08-25T22:53:11","modified_gmt":"2022-08-26T01:53:11","slug":"daia-alberto-fernandez-y-dos-afirmaciones-que-resultan-inapropiada","status":"publish","type":"post","link":"https:\/\/vocesdebaires.com.ar\/index.php\/2022\/08\/26\/daia-alberto-fernandez-y-dos-afirmaciones-que-resultan-inapropiada\/","title":{"rendered":"DAIA: Alberto Fern\u00e1ndez y, dos afirmaciones que resultan inapropiada"},"content":{"rendered":"<p>La DAIA, el derecho y la memoria.Como organizaci\u00f3n protectora de Derechos, escuchamos del presidente, Alberto Fern\u00e1ndez, dos afirmaciones que resultan inapropiadas y que nuestra instituci\u00f3n rechaza.La analog\u00eda caprichosa entre un fiscal muerto y un fiscal vivo, ambos cuestionados desde el Poder Ejecutivo, traza un l\u00edmite que debe ser cuestionado por la sociedad civil. En una de sus visitas a nuestra instituci\u00f3n, el actual presidente manifest\u00f3 que Alberto Nisman fue asesinado. Hoy sostiene lo contrario. No s\u00f3lo a sus convicciones, sino tambi\u00e9n a lo determinado por la Justicia. Alberto Nisman fue asesinado. No es una cuesti\u00f3n de fe.<\/p>\n<p>En otro de sus dichos, refiere que la pandemia \u201cse llev\u00f3\u201d uno o dos Holocaustos. Que dolor para las v\u00edctimas escuchar que el extermino es una cuesti\u00f3n de n\u00fameros. La pandemia no distingue por grupo \u00e9tnico, preferencia sexual o pensamiento pol\u00edtico. Tampoco la pandemia us\u00f3 las fuerzas del Estado a disposici\u00f3n para el crimen, para la matanza y la sistematizaci\u00f3n de la muerte. La Sho\u00e1 es otra cosa. Si se miden las tragedias en t\u00e9rminos cuantitativos estamos brutalizando y deshumanizando. Ya lo dijimos hace dos semanas frente al mismo comentario. Solicitamos respeto al Derecho y solicitamos respeto a la Memoria.<\/p>\n","protected":false},"excerpt":{"rendered":"<p>La DAIA, el derecho y la memoria.Como organizaci\u00f3n protectora de Derechos, escuchamos del presidente, Alberto Fern\u00e1ndez, dos afirmaciones que resultan inapropiadas y que nuestra instituci\u00f3n rechaza.La analog\u00eda caprichosa entre un fiscal muerto y un fiscal vivo, ambos cuestionados desde el Poder Ejecutivo, traza un l\u00edmite que debe ser cuestionado por la sociedad civil. En una [&hellip;]<\/p>\n","protected":false},"author":2,"featured_media":40055,"comment_status":"open","ping_status":"open","sticky":false,"template":"","format":"standard","meta":{"_et_pb_use_builder":"","_et_pb_old_content":"","_et_gb_content_width":"","footnotes":""},"categories":[11,33],"tags":[],"class_list":["post-40054","post","type-post","status-publish","format-standard","has-post-thumbnail","hentry","category-ciudad","category-sociedad-y-cultura-2"],"_links":{"self":[{"href":"https:\/\/vocesdebaires.com.ar\/index.php\/wp-json\/wp\/v2\/posts\/40054"}],"collection":[{"href":"https:\/\/vocesdebaires.com.ar\/index.php\/wp-json\/wp\/v2\/posts"}],"about":[{"href":"https:\/\/vocesdebaires.com.ar\/index.php\/wp-json\/wp\/v2\/types\/post"}],"author":[{"embeddable":true,"href":"https:\/\/vocesdebaires.com.ar\/index.php\/wp-json\/wp\/v2\/users\/2"}],"replies":[{"embeddable":true,"href":"https:\/\/vocesdebaires.com.ar\/index.php\/wp-json\/wp\/v2\/comments?post=40054"}],"version-history":[{"count":1,"href":"https:\/\/vocesdebaires.com.ar\/index.php\/wp-json\/wp\/v2\/posts\/40054\/revisions"}],"predecessor-version":[{"id":40056,"href":"https:\/\/vocesdebaires.com.ar\/index.php\/wp-json\/wp\/v2\/posts\/40054\/revisions\/40056"}],"wp:featuredmedia":[{"embeddable":true,"href":"https:\/\/vocesdebaires.com.ar\/index.php\/wp-json\/wp\/v2\/media\/40055"}],"wp:attachment":[{"href":"https:\/\/vocesdebaires.com.ar\/index.php\/wp-json\/wp\/v2\/media?parent=40054"}],"wp:term":[{"taxonomy":"category","embeddable":true,"href":"https:\/\/vocesdebaires.com.ar\/index.php\/wp-json\/wp\/v2\/categories?post=40054"},{"taxonomy":"post_tag","embeddable":true,"href":"https:\/\/vocesdebaires.com.ar\/index.php\/wp-json\/wp\/v2\/tags?post=40054"}],"curies":[{"name":"wp","href":"https:\/\/api.w.org\/{rel}","templated":true}]}}