{"id":40057,"date":"2022-08-26T00:00:51","date_gmt":"2022-08-26T03:00:51","guid":{"rendered":"https:\/\/vocesdebaires.com.ar\/?p=40057"},"modified":"2022-08-25T22:55:34","modified_gmt":"2022-08-26T01:55:34","slug":"rodriguez-larreta-y-soledad-acuna-visitaron-una-escuela-bilingue","status":"publish","type":"post","link":"https:\/\/vocesdebaires.com.ar\/index.php\/2022\/08\/26\/rodriguez-larreta-y-soledad-acuna-visitaron-una-escuela-bilingue\/","title":{"rendered":"Rodr\u00edguez Larreta y Soledad Acu\u00f1a visitaron una escuela biling\u00fce"},"content":{"rendered":"<p>El jefe de Gobierno porte\u00f1o, Horacio Rodriguez Larreta, visit\u00f3 este jueves junto a la ministra de Educaci\u00f3n, Soledad Acu\u00f1a, una de las seis escuelas biling\u00fces que este a\u00f1o comenzaron a funcionar en la ciudad de Buenos Aires y ratific\u00f3 el compromiso de seguir trabajando para promover \u201cuna educaci\u00f3n de calidad y con contenidos que est\u00e9n a la altura de los desaf\u00edos del presente y el futuro\u201d.<\/p>\n<p>Rodr\u00edguez Larreta y la titular de Educaci\u00f3n recorrieron las salas de primero, segundo y tercer grado de la escuela primaria N\u00b021 \u201cRompehielos General San Mart\u00edn\u201d, en el barrio de Villa del Parque, acompa\u00f1ados por la directora del establecimiento. Las escuelas biling\u00fces son establecimientos educativos de jornada completa que antes inclu\u00edan el idioma en su curr\u00edcula como una materia m\u00e1s y que con el nuevo sistema sumaron 13 horas c\u00e1tedra semanales en ingl\u00e9s: ocho para ense\u00f1anza del idioma y cinco para asignaturas espec\u00edficas.<\/p>\n<p>\u201cLa educaci\u00f3n siempre es la mejor herramienta para igualar oportunidades y para garantizar que cada chico tenga la posibilidad de formarse y crecer como personas independientes\u201d, se\u00f1al\u00f3 Rodr\u00edguez Larreta. Por su parte, Soledad Acu\u00f1a sostuvo que queremos formar estudiantes con capacidades y habilidades con perspectiva global desde una edad temprana\u201d y destac\u00f3 que \u201chablar ingl\u00e9s significa tener mayor libertad para elegir el trabajo que uno quiera\u201d cuando se ingresa al mundo laboral.<\/p>\n","protected":false},"excerpt":{"rendered":"<p>El jefe de Gobierno porte\u00f1o, Horacio Rodriguez Larreta, visit\u00f3 este jueves junto a la ministra de Educaci\u00f3n, Soledad Acu\u00f1a, una de las seis escuelas biling\u00fces que este a\u00f1o comenzaron a funcionar en la ciudad de Buenos Aires y ratific\u00f3 el compromiso de seguir trabajando para promover \u201cuna educaci\u00f3n de calidad y con contenidos que est\u00e9n [&hellip;]<\/p>\n","protected":false},"author":2,"featured_media":40058,"comment_status":"open","ping_status":"open","sticky":false,"template":"","format":"standard","meta":{"_et_pb_use_builder":"","_et_pb_old_content":"","_et_gb_content_width":"","footnotes":""},"categories":[11,33],"tags":[],"class_list":["post-40057","post","type-post","status-publish","format-standard","has-post-thumbnail","hentry","category-ciudad","category-sociedad-y-cultura-2"],"_links":{"self":[{"href":"https:\/\/vocesdebaires.com.ar\/index.php\/wp-json\/wp\/v2\/posts\/40057"}],"collection":[{"href":"https:\/\/vocesdebaires.com.ar\/index.php\/wp-json\/wp\/v2\/posts"}],"about":[{"href":"https:\/\/vocesdebaires.com.ar\/index.php\/wp-json\/wp\/v2\/types\/post"}],"author":[{"embeddable":true,"href":"https:\/\/vocesdebaires.com.ar\/index.php\/wp-json\/wp\/v2\/users\/2"}],"replies":[{"embeddable":true,"href":"https:\/\/vocesdebaires.com.ar\/index.php\/wp-json\/wp\/v2\/comments?post=40057"}],"version-history":[{"count":1,"href":"https:\/\/vocesdebaires.com.ar\/index.php\/wp-json\/wp\/v2\/posts\/40057\/revisions"}],"predecessor-version":[{"id":40059,"href":"https:\/\/vocesdebaires.com.ar\/index.php\/wp-json\/wp\/v2\/posts\/40057\/revisions\/40059"}],"wp:featuredmedia":[{"embeddable":true,"href":"https:\/\/vocesdebaires.com.ar\/index.php\/wp-json\/wp\/v2\/media\/40058"}],"wp:attachment":[{"href":"https:\/\/vocesdebaires.com.ar\/index.php\/wp-json\/wp\/v2\/media?parent=40057"}],"wp:term":[{"taxonomy":"category","embeddable":true,"href":"https:\/\/vocesdebaires.com.ar\/index.php\/wp-json\/wp\/v2\/categories?post=40057"},{"taxonomy":"post_tag","embeddable":true,"href":"https:\/\/vocesdebaires.com.ar\/index.php\/wp-json\/wp\/v2\/tags?post=40057"}],"curies":[{"name":"wp","href":"https:\/\/api.w.org\/{rel}","templated":true}]}}