{"id":4006,"date":"2019-10-04T03:00:00","date_gmt":"2019-10-04T06:00:00","guid":{"rendered":"http:\/\/vocesdebaires.com.ar\/wordpress\/index.php\/2019\/10\/04\/ciudad-detuvo-arrebatador-en-el-subte-a\/"},"modified":"2019-10-04T03:00:00","modified_gmt":"2019-10-04T06:00:00","slug":"ciudad-detuvo-arrebatador-en-el-subte-a","status":"publish","type":"post","link":"https:\/\/vocesdebaires.com.ar\/index.php\/2019\/10\/04\/ciudad-detuvo-arrebatador-en-el-subte-a\/","title":{"rendered":"Ciudad detuvo arrebatador en el Subte A"},"content":{"rendered":"<p>El delincuente, de nacionalidad chilena, hab\u00eda intentado robar un celular en la estaci\u00f3n Congreso de la L\u00ednea A. Ya hab\u00eda sido detenido en febrero de este a\u00f1o tras un hecho similar en la estaci\u00f3n Carlos Gardel de la L\u00ednea B. Personal de la Polic\u00eda de la Ciudad logr\u00f3 detener a un punga, de nacionalidad chilena, luego de que \u00e9ste intentara robarle el celular, en la estaci\u00f3n Congreso de la L\u00ednea A del subterr\u00e1neo porte\u00f1o, a una pasajera. El sujeto hab\u00eda sido demorado por un caso similar en el mes de febrero de este a\u00f1o.<\/p>\n<p>El hecho ocurri\u00f3 cuando el hombre intent\u00f3 arrebatar el tel\u00e9fono m\u00f3vil de la cartera de la damnificada pero fue visto por los dem\u00e1s pasajeros de la formaci\u00f3n por lo que lo retuvieron hasta que efectivos del Departamento de Prevenci\u00f3n de Il\u00edcito en Subterr\u00e1neo de la Comisar\u00eda Vecinal 3A arribaran al lugar.Una vez all\u00ed, los oficiales de la Polic\u00eda de la Ciudad tomaron los datos del demorado y tras consultar sus antecedentes corroboraron que, meses atr\u00e1s, hab\u00eda sido detenido por un hecho similar ocurrido en la estaci\u00f3n Carlos Gardel de la L\u00ednea B de subte. Al consultar con la Fiscal\u00eda Criminal y Correccional Nro. 25 a cargo del Dr. Mainardi, dispuso la detenci\u00f3n del ciudadano chileno de 49 a\u00f1os por \u201ctentativa de robo en flagrancia\u201d. A su vez el Juzgado en lo Criminal y Correccional Nro. 15 a cargo de la Dra Zucconi solicit\u00f3 el traslado del detenido al Centro de Detenci\u00f3n Judicial 28.<\/p>\n","protected":false},"excerpt":{"rendered":"<p>El delincuente, de nacionalidad chilena, hab\u00eda intentado robar un celular en la estaci\u00f3n Congreso de la L\u00ednea A. Ya hab\u00eda sido detenido en febrero de este a\u00f1o tras un hecho similar en la estaci\u00f3n Carlos Gardel de la L\u00ednea B. Personal de la Polic\u00eda de la Ciudad logr\u00f3 detener a un punga, de nacionalidad chilena, [&hellip;]<\/p>\n","protected":false},"author":1,"featured_media":4007,"comment_status":"open","ping_status":"open","sticky":false,"template":"","format":"standard","meta":{"_et_pb_use_builder":"","_et_pb_old_content":"","_et_gb_content_width":"","footnotes":""},"categories":[11,32],"tags":[],"class_list":["post-4006","post","type-post","status-publish","format-standard","has-post-thumbnail","hentry","category-ciudad","category-comunas"],"_links":{"self":[{"href":"https:\/\/vocesdebaires.com.ar\/index.php\/wp-json\/wp\/v2\/posts\/4006"}],"collection":[{"href":"https:\/\/vocesdebaires.com.ar\/index.php\/wp-json\/wp\/v2\/posts"}],"about":[{"href":"https:\/\/vocesdebaires.com.ar\/index.php\/wp-json\/wp\/v2\/types\/post"}],"author":[{"embeddable":true,"href":"https:\/\/vocesdebaires.com.ar\/index.php\/wp-json\/wp\/v2\/users\/1"}],"replies":[{"embeddable":true,"href":"https:\/\/vocesdebaires.com.ar\/index.php\/wp-json\/wp\/v2\/comments?post=4006"}],"version-history":[{"count":0,"href":"https:\/\/vocesdebaires.com.ar\/index.php\/wp-json\/wp\/v2\/posts\/4006\/revisions"}],"wp:featuredmedia":[{"embeddable":true,"href":"https:\/\/vocesdebaires.com.ar\/index.php\/wp-json\/wp\/v2\/media\/4007"}],"wp:attachment":[{"href":"https:\/\/vocesdebaires.com.ar\/index.php\/wp-json\/wp\/v2\/media?parent=4006"}],"wp:term":[{"taxonomy":"category","embeddable":true,"href":"https:\/\/vocesdebaires.com.ar\/index.php\/wp-json\/wp\/v2\/categories?post=4006"},{"taxonomy":"post_tag","embeddable":true,"href":"https:\/\/vocesdebaires.com.ar\/index.php\/wp-json\/wp\/v2\/tags?post=4006"}],"curies":[{"name":"wp","href":"https:\/\/api.w.org\/{rel}","templated":true}]}}