{"id":40062,"date":"2022-08-29T00:00:19","date_gmt":"2022-08-29T03:00:19","guid":{"rendered":"https:\/\/vocesdebaires.com.ar\/?p=40062"},"modified":"2022-08-28T19:01:03","modified_gmt":"2022-08-28T22:01:03","slug":"legislatura-portena-conversatorio-por-los-derechos-humanos-en-afganistan","status":"publish","type":"post","link":"https:\/\/vocesdebaires.com.ar\/index.php\/2022\/08\/29\/legislatura-portena-conversatorio-por-los-derechos-humanos-en-afganistan\/","title":{"rendered":"Legislatura porte\u00f1a: Conversatorio por los derechos humanos en Afganist\u00e1n"},"content":{"rendered":"<p>La Legislatura el pasado viernes fue escenario de un Conversatorio con la delegaci\u00f3n internacional encabezada por Brian Baird, que desarrolla la \u201cOperaci\u00f3n Leopardo de las Nieves\u201d para reubicar a afganos que sufren la violaci\u00f3n de sus derechos humanos a causa del r\u00e9gimen talib\u00e1n.Organizado por la Direcci\u00f3n de Relaciones Internacionales y Cooperaci\u00f3n el encuentro se desarroll\u00f3 en el Sal\u00f3n \u00abIntersecretarias Presidente Alfons\u00edn\u00bb. En la actividad particip\u00f3 un grupo de expertos en el tema, entre ellos Adela Raz, ex embajadora afgana ante Estados Unidos; Jason Hatch y Karen Kraft, que disertaron sobre la problem\u00e1tica de la situaci\u00f3n que atraviesa Afganist\u00e1n. En tanto, las legisladoras Luc\u00eda Romano y Mar\u00eda Luisa Gonz\u00e1lez Estevarena (VJ) acompa\u00f1aron en la mesa de debate.<\/p>\n<p>\u201cAgradezco profundamente la ocasi\u00f3n. Espero que podamos trabajar juntos para ayudar a todos los afganos\u201d, manifest\u00f3 Baird cuando valor\u00f3 la recepci\u00f3n acogedora que tuvo en Argentina.<br \/>\nAfganist\u00e1n, desde el retiro de las tropas norteamericanas y la toma del poder por parte del actual r\u00e9gimen talib\u00e1n, registra importantes violaciones en materia de Derechos Humanos, incumpliendo normativa de derecho internacional como as\u00ed tambi\u00e9n vulnerando los derechos de la mujeres, ni\u00f1os, ni\u00f1as y adolescentes.En el marco del Conversatorio, el Dr. Brian Baird se refiri\u00f3 a la \u00abOperaci\u00f3n Leopardo de las Nieves\u00bb y a las experiencias vividas a trav\u00e9s de las acciones diarias que llevan adelante para evacuar personas en riesgo.<\/p>\n","protected":false},"excerpt":{"rendered":"<p>La Legislatura el pasado viernes fue escenario de un Conversatorio con la delegaci\u00f3n internacional encabezada por Brian Baird, que desarrolla la \u201cOperaci\u00f3n Leopardo de las Nieves\u201d para reubicar a afganos que sufren la violaci\u00f3n de sus derechos humanos a causa del r\u00e9gimen talib\u00e1n.Organizado por la Direcci\u00f3n de Relaciones Internacionales y Cooperaci\u00f3n el encuentro se desarroll\u00f3 [&hellip;]<\/p>\n","protected":false},"author":2,"featured_media":40063,"comment_status":"open","ping_status":"open","sticky":false,"template":"","format":"standard","meta":{"_et_pb_use_builder":"","_et_pb_old_content":"","_et_gb_content_width":"","footnotes":""},"categories":[11,33],"tags":[],"class_list":["post-40062","post","type-post","status-publish","format-standard","has-post-thumbnail","hentry","category-ciudad","category-sociedad-y-cultura-2"],"_links":{"self":[{"href":"https:\/\/vocesdebaires.com.ar\/index.php\/wp-json\/wp\/v2\/posts\/40062"}],"collection":[{"href":"https:\/\/vocesdebaires.com.ar\/index.php\/wp-json\/wp\/v2\/posts"}],"about":[{"href":"https:\/\/vocesdebaires.com.ar\/index.php\/wp-json\/wp\/v2\/types\/post"}],"author":[{"embeddable":true,"href":"https:\/\/vocesdebaires.com.ar\/index.php\/wp-json\/wp\/v2\/users\/2"}],"replies":[{"embeddable":true,"href":"https:\/\/vocesdebaires.com.ar\/index.php\/wp-json\/wp\/v2\/comments?post=40062"}],"version-history":[{"count":1,"href":"https:\/\/vocesdebaires.com.ar\/index.php\/wp-json\/wp\/v2\/posts\/40062\/revisions"}],"predecessor-version":[{"id":40064,"href":"https:\/\/vocesdebaires.com.ar\/index.php\/wp-json\/wp\/v2\/posts\/40062\/revisions\/40064"}],"wp:featuredmedia":[{"embeddable":true,"href":"https:\/\/vocesdebaires.com.ar\/index.php\/wp-json\/wp\/v2\/media\/40063"}],"wp:attachment":[{"href":"https:\/\/vocesdebaires.com.ar\/index.php\/wp-json\/wp\/v2\/media?parent=40062"}],"wp:term":[{"taxonomy":"category","embeddable":true,"href":"https:\/\/vocesdebaires.com.ar\/index.php\/wp-json\/wp\/v2\/categories?post=40062"},{"taxonomy":"post_tag","embeddable":true,"href":"https:\/\/vocesdebaires.com.ar\/index.php\/wp-json\/wp\/v2\/tags?post=40062"}],"curies":[{"name":"wp","href":"https:\/\/api.w.org\/{rel}","templated":true}]}}