{"id":40065,"date":"2022-08-29T00:00:20","date_gmt":"2022-08-29T03:00:20","guid":{"rendered":"https:\/\/vocesdebaires.com.ar\/?p=40065"},"modified":"2022-08-28T19:04:25","modified_gmt":"2022-08-28T22:04:25","slug":"legislador-del-gaiso-moyano-no-vamos-a-permitir-tus-amenazas-mafiosas","status":"publish","type":"post","link":"https:\/\/vocesdebaires.com.ar\/index.php\/2022\/08\/29\/legislador-del-gaiso-moyano-no-vamos-a-permitir-tus-amenazas-mafiosas\/","title":{"rendered":"Del Gaiso: Moyano no vamos a permitir tus amenazas mafiosas"},"content":{"rendered":"<p>El Legislador Facundo Del Gaiso, Pte. del bloque de Legisladores porte\u00f1os de la Coalici\u00f3n C\u00edvica se manifest\u00f3 con respecto a las declaraciones de Pablo Moyano sobre el servicio de acarreo de autos en la Ciudad: \u201cNo podemos permitir aprietes mafiosos de Pablo Moyano. Los trabajadores del servicio de acarreo no van a sufrir ning\u00fan cambio en sus condiciones laborales. Es inaceptable que los porte\u00f1os con sus impuestos paguen las indemnizaciones que le corresponden a las empresas de servicio de gr\u00faas Brd y Dakota\u201d \u201cLos casi 300 trabajadores estuvieron al servicio de las empresas Bdr y Dakota hasta este momento.<\/p>\n<p>A partir de ahora, por tres meses, la ciudad les pagar\u00e1 su sueldo hasta que la nueva empresa se haga cargo el 4 de diciembre de este a\u00f1o. Pero no ingresan a la planta de la ciudad de BA\u201d, explic\u00f3 el Legislador. Durante 21 a\u00f1os estas empresas estuvieron prestando un servicio irregular. En ese tiempo hubo 7 pr\u00f3rrogas, 5 presentaciones y 6 leyes, pero continuaron las mismas empresas de acarreo Ahora eso termin\u00f3. La Ciudad se har\u00e1 cargo del servicio hasta que se lo adjudique a una nueva empresa. Y finaliz\u00f3: \u201cNo vamos a permitir que Moyano nos extorsione y amenace. Vamos a defender los intereses de los vecinos de la Ciudad. No corresponde que la indemnizaci\u00f3n la paguen los porte\u00f1os con sus impuestos\u201d.<\/p>\n","protected":false},"excerpt":{"rendered":"<p>El Legislador Facundo Del Gaiso, Pte. del bloque de Legisladores porte\u00f1os de la Coalici\u00f3n C\u00edvica se manifest\u00f3 con respecto a las declaraciones de Pablo Moyano sobre el servicio de acarreo de autos en la Ciudad: \u201cNo podemos permitir aprietes mafiosos de Pablo Moyano. Los trabajadores del servicio de acarreo no van a sufrir ning\u00fan cambio [&hellip;]<\/p>\n","protected":false},"author":2,"featured_media":40066,"comment_status":"open","ping_status":"open","sticky":false,"template":"","format":"standard","meta":{"_et_pb_use_builder":"","_et_pb_old_content":"","_et_gb_content_width":"","footnotes":""},"categories":[11,33],"tags":[],"class_list":["post-40065","post","type-post","status-publish","format-standard","has-post-thumbnail","hentry","category-ciudad","category-sociedad-y-cultura-2"],"_links":{"self":[{"href":"https:\/\/vocesdebaires.com.ar\/index.php\/wp-json\/wp\/v2\/posts\/40065"}],"collection":[{"href":"https:\/\/vocesdebaires.com.ar\/index.php\/wp-json\/wp\/v2\/posts"}],"about":[{"href":"https:\/\/vocesdebaires.com.ar\/index.php\/wp-json\/wp\/v2\/types\/post"}],"author":[{"embeddable":true,"href":"https:\/\/vocesdebaires.com.ar\/index.php\/wp-json\/wp\/v2\/users\/2"}],"replies":[{"embeddable":true,"href":"https:\/\/vocesdebaires.com.ar\/index.php\/wp-json\/wp\/v2\/comments?post=40065"}],"version-history":[{"count":2,"href":"https:\/\/vocesdebaires.com.ar\/index.php\/wp-json\/wp\/v2\/posts\/40065\/revisions"}],"predecessor-version":[{"id":40068,"href":"https:\/\/vocesdebaires.com.ar\/index.php\/wp-json\/wp\/v2\/posts\/40065\/revisions\/40068"}],"wp:featuredmedia":[{"embeddable":true,"href":"https:\/\/vocesdebaires.com.ar\/index.php\/wp-json\/wp\/v2\/media\/40066"}],"wp:attachment":[{"href":"https:\/\/vocesdebaires.com.ar\/index.php\/wp-json\/wp\/v2\/media?parent=40065"}],"wp:term":[{"taxonomy":"category","embeddable":true,"href":"https:\/\/vocesdebaires.com.ar\/index.php\/wp-json\/wp\/v2\/categories?post=40065"},{"taxonomy":"post_tag","embeddable":true,"href":"https:\/\/vocesdebaires.com.ar\/index.php\/wp-json\/wp\/v2\/tags?post=40065"}],"curies":[{"name":"wp","href":"https:\/\/api.w.org\/{rel}","templated":true}]}}