{"id":40072,"date":"2022-08-29T00:00:53","date_gmt":"2022-08-29T03:00:53","guid":{"rendered":"https:\/\/vocesdebaires.com.ar\/?p=40072"},"modified":"2022-08-28T19:20:47","modified_gmt":"2022-08-28T22:20:47","slug":"larreta-y-santilli-en-bahia-blanca-para-participar-de-la-mesa-de-la-fundacion-pensar","status":"publish","type":"post","link":"https:\/\/vocesdebaires.com.ar\/index.php\/2022\/08\/29\/larreta-y-santilli-en-bahia-blanca-para-participar-de-la-mesa-de-la-fundacion-pensar\/","title":{"rendered":"Larreta y Santilli: Presente en la mesa de la Fundaci\u00f3n Pensar"},"content":{"rendered":"<p>El jefe de Gobierno de la Ciudad de Buenos Aires, Horacio Rodr\u00edguez Larreta, y el diputado nacional, Diego Santilli, desembarcaron el pasado viernes en Bah\u00eda Blanca para participar de la mesa de la Fundaci\u00f3n Pensar, en el marco del armado del plan federal para transformar la Argentina. Acompa\u00f1ados por el intendente local, H\u00e9ctor Gay, los referentes de Juntos por el Cambio (JxC) dialogaron con los medios sobre la visita a esa ciudad y sobre distintos temas de la agenda pol\u00edtica actual. Rodr\u00edguez Larreta sostuvo que tiene una \u201cenorme expectativa en el plan para Bah\u00eda Blanca\u201d.<\/p>\n<p>\u201cTenemos ac\u00e1 una fuerza muy consolidada para trabajar en el plan para la regi\u00f3n sur de la Provincia, liderada por Bah\u00eda Blanca; una zona de un enorme potencial productivo, donde est\u00e1 el principal polo petroqu\u00edmico del pa\u00eds\u201d, explic\u00f3. En ese sentido, Santilli agreg\u00f3: \u201cQueremos seguir avanzando en el desarrollo del polo de Bah\u00eda Blanca, que es el puerto n\u00famero uno de la provincia. Una provincia que quiere ponerse de pie, que aspira a aumentar sus exportaciones y apuntalar la producci\u00f3n y al sector privado.<\/p>\n<p>Ese es el desaf\u00edo de la Provincia y el pa\u00eds que queremos discutir y poner en el debate p\u00fablico\u00bb.Respecto del delicado escenario pol\u00edtico, econ\u00f3mico y social que atraviesa el pa\u00eds, Rodr\u00edguez Larreta afirm\u00f3: \u201cEn un momento de tanta crispaci\u00f3n, somos los dirigentes los responsables de velar por la paz social\u201d. Tambi\u00e9n hizo referencia al pedido de Juicio Pol\u00edtico impulsado por Juntos por el Cambio: \u201cLo de ayer fue una muestra de unidad muy clara. Todo el bloque de diputados del espacio hizo la presentaci\u00f3n respecto del Presidente\u201d.<\/p>\n<p>En esa l\u00ednea, se pronunci\u00f3 tambi\u00e9n el diputado Santilli: \u00abLas palabras del Presidente son de un nivel de irresponsabilidad absoluta. Ha cruzado un l\u00edmite institucional. Los bloques de la oposici\u00f3n nos pusimos de acuerdo en el marco de lo que plantea la Constituci\u00f3n, en sus art\u00edculos 53, 59 y 60, y hemos avanzado en el pedido de juicio pol\u00edtico. La Argentina que viene tiene que garantizar la independencia de la justicia. Esa es la regla republicana esencial de cualquier sistema democr\u00e1tico transparente\u00bb.<\/p>\n<p>Consultado por las candidaturas, Rodr\u00edguez Larreta insisti\u00f3 en su vocaci\u00f3n de ser parte de un equipo que transforme la Argentina, pero aclar\u00f3 que \u201cde ah\u00ed a las candidaturas personales, todav\u00eda falta\u201d. Sobre las candidaturas locales en particular, agreg\u00f3: \u201cen Bah\u00eda Blanca, en la Provincia, en Argentina los candidatos lo va a elegir la gente; no va a venir un dirigente de la Capital, ni yo ni nadie, a decir \u201c\u00e9ste\u201d tiene que ser el candidato; lo tienen que definir los bahienses.\u201d<\/p>\n<p>La agenda de los referentes de Juntos por el Cambio (JxC) en el sudoeste de la provincia de Buenos Aires continuo\u00a0 durante todo el d\u00eda con reuniones con el sector productivo y con dirigentes locales. Adem\u00e1s, participar\u00e1n de un encuentro con vecinos para intercambiar ideas sobre \u00ablos ejes educaci\u00f3n, producci\u00f3n, trabajo y seguridad, y realizar\u00e1n una caminata por la zona de negocios de Bah\u00eda Blanca.Por la tarde se trasladaron\u00a0 a Punta Alta, donde junto al intendente de Coronel Rosales, Mariano Uset, tambi\u00e9n recorrieron una zona comercial y mantendr\u00e1n una reuni\u00f3n con militantes y vecinos.<\/p>\n","protected":false},"excerpt":{"rendered":"<p>El jefe de Gobierno de la Ciudad de Buenos Aires, Horacio Rodr\u00edguez Larreta, y el diputado nacional, Diego Santilli, desembarcaron el pasado viernes en Bah\u00eda Blanca para participar de la mesa de la Fundaci\u00f3n Pensar, en el marco del armado del plan federal para transformar la Argentina. Acompa\u00f1ados por el intendente local, H\u00e9ctor Gay, los [&hellip;]<\/p>\n","protected":false},"author":2,"featured_media":40073,"comment_status":"open","ping_status":"open","sticky":false,"template":"","format":"standard","meta":{"_et_pb_use_builder":"","_et_pb_old_content":"","_et_gb_content_width":"","footnotes":""},"categories":[34,13],"tags":[],"class_list":["post-40072","post","type-post","status-publish","format-standard","has-post-thumbnail","hentry","category-politica","category-provincia"],"_links":{"self":[{"href":"https:\/\/vocesdebaires.com.ar\/index.php\/wp-json\/wp\/v2\/posts\/40072"}],"collection":[{"href":"https:\/\/vocesdebaires.com.ar\/index.php\/wp-json\/wp\/v2\/posts"}],"about":[{"href":"https:\/\/vocesdebaires.com.ar\/index.php\/wp-json\/wp\/v2\/types\/post"}],"author":[{"embeddable":true,"href":"https:\/\/vocesdebaires.com.ar\/index.php\/wp-json\/wp\/v2\/users\/2"}],"replies":[{"embeddable":true,"href":"https:\/\/vocesdebaires.com.ar\/index.php\/wp-json\/wp\/v2\/comments?post=40072"}],"version-history":[{"count":4,"href":"https:\/\/vocesdebaires.com.ar\/index.php\/wp-json\/wp\/v2\/posts\/40072\/revisions"}],"predecessor-version":[{"id":40077,"href":"https:\/\/vocesdebaires.com.ar\/index.php\/wp-json\/wp\/v2\/posts\/40072\/revisions\/40077"}],"wp:featuredmedia":[{"embeddable":true,"href":"https:\/\/vocesdebaires.com.ar\/index.php\/wp-json\/wp\/v2\/media\/40073"}],"wp:attachment":[{"href":"https:\/\/vocesdebaires.com.ar\/index.php\/wp-json\/wp\/v2\/media?parent=40072"}],"wp:term":[{"taxonomy":"category","embeddable":true,"href":"https:\/\/vocesdebaires.com.ar\/index.php\/wp-json\/wp\/v2\/categories?post=40072"},{"taxonomy":"post_tag","embeddable":true,"href":"https:\/\/vocesdebaires.com.ar\/index.php\/wp-json\/wp\/v2\/tags?post=40072"}],"curies":[{"name":"wp","href":"https:\/\/api.w.org\/{rel}","templated":true}]}}